{"id":25364,"date":"2022-03-31T13:17:03","date_gmt":"2022-03-31T19:17:03","guid":{"rendered":"https:\/\/encuentroinformativo.com.mx\/?p=25364"},"modified":"2022-03-31T13:17:06","modified_gmt":"2022-03-31T19:17:06","slug":"luciana-lucha-por-su-vida-necesita-espacio-en-instituto-nacional-de-pediatria","status":"publish","type":"post","link":"https:\/\/encuentroinformativo.com.mx\/?p=25364","title":{"rendered":"Luciana lucha por su vida, necesita espacio en Instituto Nacional de Pediatr\u00eda"},"content":{"rendered":"\n<p><strong>Alejandro \u00c1vila<\/strong><\/p>\n\n\n\n<p>Veracruz, Ver.- Hace un mes, a la peque\u00f1a Luciana de apenas 8 a\u00f1os de edad le fue diagnosticado un tumor cerebral, por lo que requiere de una operaci\u00f3n urgente para pod\u00e9rselo extirpar.<\/p>\n\n\n\n<p>La peque\u00f1a se encuentra hospitalizada en la Torre Pedi\u00e1trica de Veracruz; sin embargo, en este sitio no cuentan con el equipo necesario para realizar la operaci\u00f3n y se necesita un espacio en el Instituto Nacional de Pediatr\u00eda.<\/p>\n\n\n\n<p>Tania Espinosa, madre de Luciana, relat\u00f3 qu\u00e9 el neocirujano tiene toda la disposici\u00f3n de realizar e intervenci\u00f3n quir\u00fargica, pero le detall\u00f3 qu\u00e9, hace falta un m\u00e9dico intensivista, ya que la terapia posterior a la cirug\u00eda es fundamental para su recuperaci\u00f3n.<\/p>\n\n\n\n<p>La acongojada madre dijo que, la subdirectora de Pediatr\u00eda, Rosalba Bret\u00f3n Alcantara le coment\u00f3 que, el hospital no puede arriesgarse a realizar una cirug\u00eda de este tipo, por lo que le sugiri\u00f3 buscar un espacio en los hospitales de la Ciudad de M\u00e9xico.<\/p>\n\n\n\n<p>\u201cLo que dicen los m\u00e9dicos es que es un tumor que esta alojado en una zona de su cerebelo, donde est\u00e1n todos los nervios, es de muy alto riesgo, y el medico me dijo que tiene una enfermedad muy grave, podr\u00eda realizar la cirug\u00eda, pero que no hab\u00eda los recursos necesarios y s\u00ed, realmente el hospital carece de recursos (\u2026)&nbsp; ellos no tienen un medico intensivista y eso es muy importante (\u2026) se hablo con la directora y ella no quiso, que no iban a arriesgarse y me dijo que las madres buscamos un milagro para los hijos y que tenia que entender la situaci\u00f3n&#8221;, agreg\u00f3.<\/p>\n\n\n\n<p>Los padres de Luciana buscan el apoyo de la sociedad civil para poder hospitalizar a su hija en un nosocomio privado, pues dicha operaci\u00f3n tiene un costo estimado de 500 mil pesos; y si bien la familia cuenta con un negocio propio, todos sus recursos se han enfocado en la enfermedad de su hija.<\/p>\n\n\n\n<p>\u201cEstoy desesperada, porque la vida de mi hija corre peligro, cada d\u00eda esta enfermedad la puede consumir, lo \u00fanico que yo le pido al gobierno es que si en este hospital no estan dispuestos a poner los recursos que me trasladen a un hospital donde s\u00ed tengan los recursos para darle una esperanza a mi hija\u201d, recalc\u00f3.<\/p>\n\n\n\n<p>Tania Espinosa, reiter\u00f3 las malas condiciones en las que se encuentra la Torre Pedi\u00e1trica, donde no hay medicamentos, no hay doctores y el techo del pabell\u00f3n infantil se cae a pedazos al estar cubierto de moho.<\/p>\n","protected":false},"excerpt":{"rendered":"<p>Alejandro \u00c1vila Veracruz, Ver.- Hace un mes, a la peque\u00f1a Luciana de apenas 8 a\u00f1os de edad le fue diagnosticado un tumor cerebral, por lo que requiere de una operaci\u00f3n urgente para pod\u00e9rselo extirpar. La peque\u00f1a se encuentra hospitalizada en la Torre Pedi\u00e1trica de Veracruz; sin embargo, en este sitio no cuentan con el equipo [&hellip;]<\/p>\n","protected":false},"author":1,"featured_media":25365,"comment_status":"open","ping_status":"open","sticky":false,"template":"","format":"standard","meta":{"_jetpack_memberships_contains_paid_content":false,"footnotes":""},"categories":[9],"tags":[],"class_list":["post-25364","post","type-post","status-publish","format-standard","has-post-thumbnail","hentry","category-salud"],"jetpack_featured_media_url":"https:\/\/encuentroinformativo.com.mx\/wp-content\/uploads\/2022\/03\/C0648423-A469-40DA-BCB7-3B190E895953.jpeg","jetpack_sharing_enabled":true,"jetpack_likes_enabled":true,"amp_enabled":true,"_links":{"self":[{"href":"https:\/\/encuentroinformativo.com.mx\/index.php?rest_route=\/wp\/v2\/posts\/25364","targetHints":{"allow":["GET"]}}],"collection":[{"href":"https:\/\/encuentroinformativo.com.mx\/index.php?rest_route=\/wp\/v2\/posts"}],"about":[{"href":"https:\/\/encuentroinformativo.com.mx\/index.php?rest_route=\/wp\/v2\/types\/post"}],"author":[{"embeddable":true,"href":"https:\/\/encuentroinformativo.com.mx\/index.php?rest_route=\/wp\/v2\/users\/1"}],"replies":[{"embeddable":true,"href":"https:\/\/encuentroinformativo.com.mx\/index.php?rest_route=%2Fwp%2Fv2%2Fcomments&post=25364"}],"version-history":[{"count":1,"href":"https:\/\/encuentroinformativo.com.mx\/index.php?rest_route=\/wp\/v2\/posts\/25364\/revisions"}],"predecessor-version":[{"id":25366,"href":"https:\/\/encuentroinformativo.com.mx\/index.php?rest_route=\/wp\/v2\/posts\/25364\/revisions\/25366"}],"wp:featuredmedia":[{"embeddable":true,"href":"https:\/\/encuentroinformativo.com.mx\/index.php?rest_route=\/wp\/v2\/media\/25365"}],"wp:attachment":[{"href":"https:\/\/encuentroinformativo.com.mx\/index.php?rest_route=%2Fwp%2Fv2%2Fmedia&parent=25364"}],"wp:term":[{"taxonomy":"category","embeddable":true,"href":"https:\/\/encuentroinformativo.com.mx\/index.php?rest_route=%2Fwp%2Fv2%2Fcategories&post=25364"},{"taxonomy":"post_tag","embeddable":true,"href":"https:\/\/encuentroinformativo.com.mx\/index.php?rest_route=%2Fwp%2Fv2%2Ftags&post=25364"}],"curies":[{"name":"wp","href":"https:\/\/api.w.org\/{rel}","templated":true}]}}