{"id":25377,"date":"2022-03-31T14:09:20","date_gmt":"2022-03-31T20:09:20","guid":{"rendered":"https:\/\/encuentroinformativo.com.mx\/?p=25377"},"modified":"2022-03-31T14:09:23","modified_gmt":"2022-03-31T20:09:23","slug":"se-reanudaran-clases-presenciales-al-100-afirma-gobernador","status":"publish","type":"post","link":"https:\/\/encuentroinformativo.com.mx\/?p=25377","title":{"rendered":"Se reanudar\u00e1n clases presenciales al 100%, afirma Gobernador"},"content":{"rendered":"\n<p><strong>Dar\u00edo Pale<\/strong><\/p>\n\n\n\n<p>Xalapa, Ver.- El gobernador del estado Cuitl\u00e1huac Garc\u00eda Jim\u00e9nez dio a conocer que antes de que inicie mayo estar\u00e1n de regreso a clases presenciales al cien por ciento ya que han avanzado mucho en ese tema.<\/p>\n\n\n\n<p>En entrevista dio a conocer que hay algunas escuelas que no son de su competencia total ya que son aut\u00f3nomas como la Universidad Veracruzana, pero ya es tan cerca del 75 por ciento de clases presenciales en este mes y posteriormente llegar\u00e1n al 100 por ciento.<\/p>\n\n\n\n<p>Dio a conocer que ya existen las condiciones para que todos regresen a clases presenciales ya que los contagios por el COVID-19 van a la baja se est\u00e1n vacunando a todos y en abril concluye la vacunaci\u00f3n.<\/p>\n\n\n\n<p>Por lo anterior inform\u00f3 que el regreso a las clases presenciales se realizar\u00e1 con toda normalidad a finales de abril en todos los planteles educativos del estado y era obligatorio.<\/p>\n\n\n\n<p>&#8220;La idea es que antes de que entremos a mayo ya estemos de regreso al cien por ciento, de todas maneras nosotros ya avanzamos mucho con eso&#8221;, coment\u00f3.<\/p>\n\n\n\n<p>En cuanto al uso de cubrebocas coment\u00f3 que el subsecretario de salud el doctor L\u00f3pez Gatell coment\u00f3 que estamos en la salida de la pandemia ya que a\u00fan no termina por lo que a\u00fan tendr\u00e1n que guardarse algunas medidas.<\/p>\n\n\n\n<p>Finalmente se\u00f1al\u00f3 que en los lugares donde hay mucha gente se tiene que seguir implementando las medidas sanitarias\u00a0<\/p>\n","protected":false},"excerpt":{"rendered":"<p>Dar\u00edo Pale Xalapa, Ver.- El gobernador del estado Cuitl\u00e1huac Garc\u00eda Jim\u00e9nez dio a conocer que antes de que inicie mayo estar\u00e1n de regreso a clases presenciales al cien por ciento ya que han avanzado mucho en ese tema. En entrevista dio a conocer que hay algunas escuelas que no son de su competencia total ya [&hellip;]<\/p>\n","protected":false},"author":1,"featured_media":17403,"comment_status":"open","ping_status":"open","sticky":false,"template":"","format":"standard","meta":{"_jetpack_memberships_contains_paid_content":false,"footnotes":""},"categories":[2],"tags":[],"class_list":["post-25377","post","type-post","status-publish","format-standard","has-post-thumbnail","hentry","category-estado"],"jetpack_featured_media_url":"https:\/\/encuentroinformativo.com.mx\/wp-content\/uploads\/2021\/08\/B8832227-C637-4EAB-97DB-C67E937EF7F5.jpeg","jetpack_sharing_enabled":true,"jetpack_likes_enabled":true,"amp_enabled":true,"_links":{"self":[{"href":"https:\/\/encuentroinformativo.com.mx\/index.php?rest_route=\/wp\/v2\/posts\/25377","targetHints":{"allow":["GET"]}}],"collection":[{"href":"https:\/\/encuentroinformativo.com.mx\/index.php?rest_route=\/wp\/v2\/posts"}],"about":[{"href":"https:\/\/encuentroinformativo.com.mx\/index.php?rest_route=\/wp\/v2\/types\/post"}],"author":[{"embeddable":true,"href":"https:\/\/encuentroinformativo.com.mx\/index.php?rest_route=\/wp\/v2\/users\/1"}],"replies":[{"embeddable":true,"href":"https:\/\/encuentroinformativo.com.mx\/index.php?rest_route=%2Fwp%2Fv2%2Fcomments&post=25377"}],"version-history":[{"count":1,"href":"https:\/\/encuentroinformativo.com.mx\/index.php?rest_route=\/wp\/v2\/posts\/25377\/revisions"}],"predecessor-version":[{"id":25378,"href":"https:\/\/encuentroinformativo.com.mx\/index.php?rest_route=\/wp\/v2\/posts\/25377\/revisions\/25378"}],"wp:featuredmedia":[{"embeddable":true,"href":"https:\/\/encuentroinformativo.com.mx\/index.php?rest_route=\/wp\/v2\/media\/17403"}],"wp:attachment":[{"href":"https:\/\/encuentroinformativo.com.mx\/index.php?rest_route=%2Fwp%2Fv2%2Fmedia&parent=25377"}],"wp:term":[{"taxonomy":"category","embeddable":true,"href":"https:\/\/encuentroinformativo.com.mx\/index.php?rest_route=%2Fwp%2Fv2%2Fcategories&post=25377"},{"taxonomy":"post_tag","embeddable":true,"href":"https:\/\/encuentroinformativo.com.mx\/index.php?rest_route=%2Fwp%2Fv2%2Ftags&post=25377"}],"curies":[{"name":"wp","href":"https:\/\/api.w.org\/{rel}","templated":true}]}}