{"id":25421,"date":"2022-04-01T14:14:09","date_gmt":"2022-04-01T20:14:09","guid":{"rendered":"https:\/\/encuentroinformativo.com.mx\/?p=25421"},"modified":"2022-04-01T14:14:13","modified_gmt":"2022-04-01T20:14:13","slug":"privan-de-la-libertad-a-una-persona-dentro-del-hospital-regional-de-veracruz","status":"publish","type":"post","link":"https:\/\/encuentroinformativo.com.mx\/?p=25421","title":{"rendered":"Privan de la libertad a una persona dentro del Hospital Regional de Veracruz"},"content":{"rendered":"\n<p><strong>Alejandro \u00c1vila<\/strong><\/p>\n\n\n\n<p>Veracruz, Ver.- Intenso operativo policial se registr\u00f3 la tarde de este viernes sobre la avenida 20 de Noviembre, pues reportes indicaron una situaci\u00f3n de p\u00e1nico al interior del Hospital Regional de Veracruz, tras la privaci\u00f3n de la libertad de una persona que se encontraba al interior del nosocomio.<\/p>\n\n\n\n<p>Se pudo conocer que la persona sustra\u00edda fue reconocido como Hebert &#8220;N&#8221;, una persona detenida que se encontraba recibiendo atenci\u00f3n m\u00e9dica en el Hospital de Alta Especialidad de Veracruz (HAEV) y qui\u00e9n era custodiado por un Polic\u00eda Ministeriales.<\/p>\n\n\n\n<p>Al nosocomio ingresaron un grupo de sujetos armados quienes sustrajeron a la persona que recib\u00eda atenci\u00f3n m\u00e9dica e intentaron llevarse tambi\u00e9n al elemento policial; sin embargo, de \u00faltima instancia, a este \u00faltimo, lo dejaron dentro del inmueble<\/p>\n\n\n\n<p>Tras el reportado del suceso al n\u00famero de emergencia 911, se despleg\u00f3 el operativo C\u00f3digo Rojo en toda la zona conurbada de Veracruz &#8211; Boca del R\u00edo, comandado por la Secretar\u00eda de Marina Armada de M\u00e9xico (SEMAR).<\/p>\n\n\n\n<p>Finalmente la Secretar\u00eda de Seguridad P\u00fablica de Veracruz (SSP) emiti\u00f3 un comunicado, donde asegura estar en coordinaci\u00f3n con la Polic\u00eda Ministerial, para dar con los implicados en este hecho delictivo.<\/p>\n","protected":false},"excerpt":{"rendered":"<p>Alejandro \u00c1vila Veracruz, Ver.- Intenso operativo policial se registr\u00f3 la tarde de este viernes sobre la avenida 20 de Noviembre, pues reportes indicaron una situaci\u00f3n de p\u00e1nico al interior del Hospital Regional de Veracruz, tras la privaci\u00f3n de la libertad de una persona que se encontraba al interior del nosocomio. Se pudo conocer que la [&hellip;]<\/p>\n","protected":false},"author":1,"featured_media":25422,"comment_status":"open","ping_status":"open","sticky":false,"template":"","format":"standard","meta":{"_jetpack_memberships_contains_paid_content":false,"footnotes":""},"categories":[14],"tags":[],"class_list":["post-25421","post","type-post","status-publish","format-standard","has-post-thumbnail","hentry","category-policiaca"],"jetpack_featured_media_url":"https:\/\/encuentroinformativo.com.mx\/wp-content\/uploads\/2022\/04\/12065825-554D-4B55-8B9F-56D81F6B4C4F.jpeg","jetpack_sharing_enabled":true,"jetpack_likes_enabled":true,"amp_enabled":true,"_links":{"self":[{"href":"https:\/\/encuentroinformativo.com.mx\/index.php?rest_route=\/wp\/v2\/posts\/25421","targetHints":{"allow":["GET"]}}],"collection":[{"href":"https:\/\/encuentroinformativo.com.mx\/index.php?rest_route=\/wp\/v2\/posts"}],"about":[{"href":"https:\/\/encuentroinformativo.com.mx\/index.php?rest_route=\/wp\/v2\/types\/post"}],"author":[{"embeddable":true,"href":"https:\/\/encuentroinformativo.com.mx\/index.php?rest_route=\/wp\/v2\/users\/1"}],"replies":[{"embeddable":true,"href":"https:\/\/encuentroinformativo.com.mx\/index.php?rest_route=%2Fwp%2Fv2%2Fcomments&post=25421"}],"version-history":[{"count":1,"href":"https:\/\/encuentroinformativo.com.mx\/index.php?rest_route=\/wp\/v2\/posts\/25421\/revisions"}],"predecessor-version":[{"id":25423,"href":"https:\/\/encuentroinformativo.com.mx\/index.php?rest_route=\/wp\/v2\/posts\/25421\/revisions\/25423"}],"wp:featuredmedia":[{"embeddable":true,"href":"https:\/\/encuentroinformativo.com.mx\/index.php?rest_route=\/wp\/v2\/media\/25422"}],"wp:attachment":[{"href":"https:\/\/encuentroinformativo.com.mx\/index.php?rest_route=%2Fwp%2Fv2%2Fmedia&parent=25421"}],"wp:term":[{"taxonomy":"category","embeddable":true,"href":"https:\/\/encuentroinformativo.com.mx\/index.php?rest_route=%2Fwp%2Fv2%2Fcategories&post=25421"},{"taxonomy":"post_tag","embeddable":true,"href":"https:\/\/encuentroinformativo.com.mx\/index.php?rest_route=%2Fwp%2Fv2%2Ftags&post=25421"}],"curies":[{"name":"wp","href":"https:\/\/api.w.org\/{rel}","templated":true}]}}