{"id":25431,"date":"2022-04-01T16:21:47","date_gmt":"2022-04-01T22:21:47","guid":{"rendered":"https:\/\/encuentroinformativo.com.mx\/?p=25431"},"modified":"2022-04-01T16:21:51","modified_gmt":"2022-04-01T22:21:51","slug":"persiste-vulneracion-de-derechos-a-personas-con-discapacidad-acusan-organizaciones","status":"publish","type":"post","link":"https:\/\/encuentroinformativo.com.mx\/?p=25431","title":{"rendered":"Persiste vulneraci\u00f3n de derechos a personas con discapacidad, acusan organizaciones"},"content":{"rendered":"\n<p><strong>Juan Arcos<\/strong><\/p>\n\n\n\n<p>Xalapa, Ver.- Se estima que en Xalapa hay 97 mil 808 personas en condici\u00f3n de discapacidad, cuyos derechos humanos han sido vulnerados.<\/p>\n\n\n\n<p>La Red Estatal de Inclusi\u00f3n (CABE) denuncia que persiste la invisibilizaci\u00f3n y falta de atenci\u00f3n por parte de las autoridades hacia las personas que viven en condici\u00f3n de discapacidad.<\/p>\n\n\n\n<p>La Red de Asociaciones en el Estado de Veracruz revela que la Organizaci\u00f3n de las Naciones Unidas (ONU) calcula que el 19.4 por ciento de la poblaci\u00f3n vive en condici\u00f3n de discapacidad.<\/p>\n\n\n\n<p>\u201cConsiderando el Censo de poblaci\u00f3n 2020 proyectado al 2021 emitido por INEGI, Xalapa tiene 504 mil 164 habitantes y, aplicando el procentaje estimado por la ONU, podemos considerar que en nuestro municipio viven 97 mil 808 personas en condici\u00f3n de discapacidad, poblaci\u00f3n que hist\u00f3ricamente ha sido vulnerada en sus derechos humanos\u201d, explican.<\/p>\n\n\n\n<p>Las organizaciones especialistas en condiciones de discapacidad consideran que los n\u00fameros son claros aunque las acciones gubernamentales no corresponden a las necesidades de dicha poblaci\u00f3n.<\/p>\n\n\n\n<p>El pasado 28 de marzo se dio continuidad a las solicitudes y propuestas realizadas al ayuntamiento de Xalapa para incluir en el Plan Municipal de Desarrollo acciones contundentes para la atenci\u00f3n de este importante sector de la poblaci\u00f3n.<\/p>\n\n\n\n<p>Los colectivos entregaron un oficio de manera formal a autoridades municipales para demandar que se incluya en cabildo la solicitud de la creaci\u00f3n del Instituto Municipal Especializado en Inclusi\u00f3n de Personas en Condici\u00f3n de Discapacidad (PCD).<\/p>\n","protected":false},"excerpt":{"rendered":"<p>Juan Arcos Xalapa, Ver.- Se estima que en Xalapa hay 97 mil 808 personas en condici\u00f3n de discapacidad, cuyos derechos humanos han sido vulnerados. La Red Estatal de Inclusi\u00f3n (CABE) denuncia que persiste la invisibilizaci\u00f3n y falta de atenci\u00f3n por parte de las autoridades hacia las personas que viven en condici\u00f3n de discapacidad. La Red [&hellip;]<\/p>\n","protected":false},"author":1,"featured_media":25432,"comment_status":"open","ping_status":"open","sticky":false,"template":"","format":"standard","meta":{"_jetpack_memberships_contains_paid_content":false,"footnotes":""},"categories":[3],"tags":[],"class_list":["post-25431","post","type-post","status-publish","format-standard","has-post-thumbnail","hentry","category-xalapa"],"jetpack_featured_media_url":"https:\/\/encuentroinformativo.com.mx\/wp-content\/uploads\/2022\/04\/6A5804E8-7313-4884-8501-0E3948A44947.jpeg","jetpack_sharing_enabled":true,"jetpack_likes_enabled":true,"amp_enabled":true,"_links":{"self":[{"href":"https:\/\/encuentroinformativo.com.mx\/index.php?rest_route=\/wp\/v2\/posts\/25431","targetHints":{"allow":["GET"]}}],"collection":[{"href":"https:\/\/encuentroinformativo.com.mx\/index.php?rest_route=\/wp\/v2\/posts"}],"about":[{"href":"https:\/\/encuentroinformativo.com.mx\/index.php?rest_route=\/wp\/v2\/types\/post"}],"author":[{"embeddable":true,"href":"https:\/\/encuentroinformativo.com.mx\/index.php?rest_route=\/wp\/v2\/users\/1"}],"replies":[{"embeddable":true,"href":"https:\/\/encuentroinformativo.com.mx\/index.php?rest_route=%2Fwp%2Fv2%2Fcomments&post=25431"}],"version-history":[{"count":1,"href":"https:\/\/encuentroinformativo.com.mx\/index.php?rest_route=\/wp\/v2\/posts\/25431\/revisions"}],"predecessor-version":[{"id":25433,"href":"https:\/\/encuentroinformativo.com.mx\/index.php?rest_route=\/wp\/v2\/posts\/25431\/revisions\/25433"}],"wp:featuredmedia":[{"embeddable":true,"href":"https:\/\/encuentroinformativo.com.mx\/index.php?rest_route=\/wp\/v2\/media\/25432"}],"wp:attachment":[{"href":"https:\/\/encuentroinformativo.com.mx\/index.php?rest_route=%2Fwp%2Fv2%2Fmedia&parent=25431"}],"wp:term":[{"taxonomy":"category","embeddable":true,"href":"https:\/\/encuentroinformativo.com.mx\/index.php?rest_route=%2Fwp%2Fv2%2Fcategories&post=25431"},{"taxonomy":"post_tag","embeddable":true,"href":"https:\/\/encuentroinformativo.com.mx\/index.php?rest_route=%2Fwp%2Fv2%2Ftags&post=25431"}],"curies":[{"name":"wp","href":"https:\/\/api.w.org\/{rel}","templated":true}]}}