{"id":2544,"date":"2020-05-14T15:34:42","date_gmt":"2020-05-14T20:34:42","guid":{"rendered":"https:\/\/encuentroinformativo.com\/?p=2544"},"modified":"2020-05-14T15:34:44","modified_gmt":"2020-05-14T20:34:44","slug":"por-inconformidad-de-tala-de-arboles-coatepecanos-crean-pagina-de-facebook","status":"publish","type":"post","link":"https:\/\/encuentroinformativo.com.mx\/?p=2544","title":{"rendered":"Por inconformidad de tala de \u00e1rboles, coatepecanos crean p\u00e1gina de Facebook"},"content":{"rendered":"\n<p><strong>Juan Arcos <\/strong><\/p>\n\n\n\n<p>Coatepec, Ver.- Personal del ayuntamiento de Coatepec derrib\u00f3 los \u00e1rboles que se encontraban sobre la acera de la calle Jim\u00e9nez del Campillo, situaci\u00f3n que gener\u00f3 una gran inconformidad entre los pobladores.<\/p>\n\n\n\n<p>La gente cre\u00f3 una p\u00e1gina en Facebook que lleva el nombre de <em>\u201cArdillita Coatepecana\u201d<\/em>, para informar sobre las causas y consecuencias de la decisi\u00f3n municipal.<\/p>\n\n\n\n<p>Los \u00e1rboles se observaban sobre la banqueta de la Iglesia de San Jer\u00f3nimo, ubicada frente al parque Miguel Hidalgo y Costilla, mismo que permanece cerrado por la contingencia sanitaria del COVID-19.<\/p>\n\n\n\n<p>Diversos usuarios comparten fotograf\u00edas y videos en la fanpage, donde muestran que las ardillas se quedaron sin su vivienda.<\/p>\n\n\n\n<p>Los animales eran alimentados por las personas que caminaban junto a los \u00e1rboles, situaci\u00f3n captada en im\u00e1genes para exhibir el antes y el despu\u00e9s de la tala.<\/p>\n\n\n\n<p>El presidente municipal Luis Enrique Fern\u00e1ndez Peredo comparti\u00f3 en su cuenta oficial un comunicado donde explican que los \u00e1rboles fueron derribados porque sus ra\u00edces estaban podridas y representaban un riesgo para la poblaci\u00f3n.<\/p>\n\n\n\n<p>Adem\u00e1s, el ayuntamiento se comprometi\u00f3 a plantar nuevas especies de \u00e1rboles que no da\u00f1en la estructura de calles y banquetas.<\/p>\n\n\n\n<p>Sin embargo, en ning\u00fan p\u00e1rrafo o l\u00ednea del comunicado oficial se mencionan acciones para proteger a las ardillas que viv\u00edan en los troncos de los \u00e1rboles.<\/p>\n\n\n\n<p><\/p>\n\n\n\n<p><\/p>\n","protected":false},"excerpt":{"rendered":"<p>Juan Arcos Coatepec, Ver.- Personal del ayuntamiento de Coatepec derrib\u00f3 los \u00e1rboles que se encontraban sobre la acera de la calle Jim\u00e9nez del Campillo, situaci\u00f3n que gener\u00f3 una gran inconformidad entre los pobladores. La gente cre\u00f3 una p\u00e1gina en Facebook que lleva el nombre de \u201cArdillita Coatepecana\u201d, para informar sobre las causas y consecuencias de [&hellip;]<\/p>\n","protected":false},"author":1,"featured_media":2545,"comment_status":"open","ping_status":"open","sticky":false,"template":"","format":"standard","meta":{"_jetpack_memberships_contains_paid_content":false,"footnotes":""},"categories":[8],"tags":[],"class_list":["post-2544","post","type-post","status-publish","format-standard","has-post-thumbnail","hentry","category-region"],"jetpack_featured_media_url":"https:\/\/encuentroinformativo.com.mx\/wp-content\/uploads\/2020\/05\/C1F8B039-DCDF-4BA4-8CD0-AE4CCEAA425F.jpeg","jetpack_sharing_enabled":true,"jetpack_likes_enabled":true,"amp_enabled":true,"_links":{"self":[{"href":"https:\/\/encuentroinformativo.com.mx\/index.php?rest_route=\/wp\/v2\/posts\/2544","targetHints":{"allow":["GET"]}}],"collection":[{"href":"https:\/\/encuentroinformativo.com.mx\/index.php?rest_route=\/wp\/v2\/posts"}],"about":[{"href":"https:\/\/encuentroinformativo.com.mx\/index.php?rest_route=\/wp\/v2\/types\/post"}],"author":[{"embeddable":true,"href":"https:\/\/encuentroinformativo.com.mx\/index.php?rest_route=\/wp\/v2\/users\/1"}],"replies":[{"embeddable":true,"href":"https:\/\/encuentroinformativo.com.mx\/index.php?rest_route=%2Fwp%2Fv2%2Fcomments&post=2544"}],"version-history":[{"count":1,"href":"https:\/\/encuentroinformativo.com.mx\/index.php?rest_route=\/wp\/v2\/posts\/2544\/revisions"}],"predecessor-version":[{"id":2546,"href":"https:\/\/encuentroinformativo.com.mx\/index.php?rest_route=\/wp\/v2\/posts\/2544\/revisions\/2546"}],"wp:featuredmedia":[{"embeddable":true,"href":"https:\/\/encuentroinformativo.com.mx\/index.php?rest_route=\/wp\/v2\/media\/2545"}],"wp:attachment":[{"href":"https:\/\/encuentroinformativo.com.mx\/index.php?rest_route=%2Fwp%2Fv2%2Fmedia&parent=2544"}],"wp:term":[{"taxonomy":"category","embeddable":true,"href":"https:\/\/encuentroinformativo.com.mx\/index.php?rest_route=%2Fwp%2Fv2%2Fcategories&post=2544"},{"taxonomy":"post_tag","embeddable":true,"href":"https:\/\/encuentroinformativo.com.mx\/index.php?rest_route=%2Fwp%2Fv2%2Ftags&post=2544"}],"curies":[{"name":"wp","href":"https:\/\/api.w.org\/{rel}","templated":true}]}}