{"id":25446,"date":"2022-04-02T12:39:06","date_gmt":"2022-04-02T18:39:06","guid":{"rendered":"https:\/\/encuentroinformativo.com.mx\/?p=25446"},"modified":"2022-04-02T12:39:10","modified_gmt":"2022-04-02T18:39:10","slug":"realizan-caminata-para-concientizar-sobre-el-autismo","status":"publish","type":"post","link":"https:\/\/encuentroinformativo.com.mx\/?p=25446","title":{"rendered":"Realizan caminata para concientizar sobre el autismo"},"content":{"rendered":"\n<p><strong>Dar\u00edo Pale <\/strong><\/p>\n\n\n\n<p>Xalapa, Ver.- Se llevo a cabo una caminata Por y Para el Autismo la cual sali\u00f3 del teatro del estado al parque Ju\u00e1rez donde participaron aproximadamente 200 personas, con la finalidad de trabajar de forma coordinada con las instituciones y hacer visible la presencia del autismo.<\/p>\n\n\n\n<p>Entrevistada previo a la caminata para conmemorar el d\u00eda internacional del autismo, la maestra Rosa Virginia Mart\u00ednez Conde Directora de INTEGRA se\u00f1al\u00f3 que, la idea de esta caminata es hacer visible a trav\u00e9s de la marcha la presencia del autismo y que a\u00fan falta mucho por hacer.<\/p>\n\n\n\n<p>A\u00fan se les debe mucho a estas personas de todas las edades y que hace falta que se vinculen las instituciones de gobierno, privadas y dem\u00e1s para poder atender a todas las personas del Mundo, del pa\u00eds y del estado.<\/p>\n\n\n\n<p>En la caminata participan todos aquellos que quisieran apoyar ya que la convocatoria fue abierta para familias y asociaciones ya que la \u00fanica bandera es el autismo.<\/p>\n\n\n\n<p>&#8220;Y creo que lo que falta, creo que con el conocimiento que tenemos de autismo podemos ya empezar a poder concretar programas de detecci\u00f3n de diagn\u00f3stico y de atenci\u00f3n, creo que es lo que est\u00e1 faltando bajar todo lo que ya se sabe y realmente ponerlo al servicio de las familias&#8221;, se\u00f1al\u00f3.<\/p>\n\n\n\n<p>Finalmente coment\u00f3 que desconoce el porque no se ha hecho, puede ser que no hay el suficiente inter\u00e9s, el conocimiento y conciencia de la importancia que tiene atender a las personas con autismo, ya que aproximadamente uno de cada 150 tiene ese padecimiento ya que no hay un censo y eso urge.<\/p>\n\n\n\n<figure class=\"wp-block-image size-large\"><img loading=\"lazy\" decoding=\"async\" width=\"1024\" height=\"682\" src=\"https:\/\/encuentroinformativo.com.mx\/wp-content\/uploads\/2022\/04\/82659C61-54C6-42C2-8A94-CED4F501C425-1024x682.jpeg\" alt=\"\" class=\"wp-image-25448\" srcset=\"https:\/\/encuentroinformativo.com.mx\/wp-content\/uploads\/2022\/04\/82659C61-54C6-42C2-8A94-CED4F501C425-1024x682.jpeg 1024w, https:\/\/encuentroinformativo.com.mx\/wp-content\/uploads\/2022\/04\/82659C61-54C6-42C2-8A94-CED4F501C425-300x200.jpeg 300w, https:\/\/encuentroinformativo.com.mx\/wp-content\/uploads\/2022\/04\/82659C61-54C6-42C2-8A94-CED4F501C425-768x512.jpeg 768w, https:\/\/encuentroinformativo.com.mx\/wp-content\/uploads\/2022\/04\/82659C61-54C6-42C2-8A94-CED4F501C425.jpeg 1280w\" sizes=\"auto, (max-width: 1024px) 100vw, 1024px\" \/><\/figure>\n\n\n\n<figure class=\"wp-block-image size-large\"><img loading=\"lazy\" decoding=\"async\" width=\"1024\" height=\"682\" src=\"https:\/\/encuentroinformativo.com.mx\/wp-content\/uploads\/2022\/04\/9AC9C452-027E-4507-83AC-7370D0B9AF28-1024x682.jpeg\" alt=\"\" class=\"wp-image-25449\" srcset=\"https:\/\/encuentroinformativo.com.mx\/wp-content\/uploads\/2022\/04\/9AC9C452-027E-4507-83AC-7370D0B9AF28-1024x682.jpeg 1024w, https:\/\/encuentroinformativo.com.mx\/wp-content\/uploads\/2022\/04\/9AC9C452-027E-4507-83AC-7370D0B9AF28-300x200.jpeg 300w, https:\/\/encuentroinformativo.com.mx\/wp-content\/uploads\/2022\/04\/9AC9C452-027E-4507-83AC-7370D0B9AF28-768x512.jpeg 768w, https:\/\/encuentroinformativo.com.mx\/wp-content\/uploads\/2022\/04\/9AC9C452-027E-4507-83AC-7370D0B9AF28.jpeg 1280w\" sizes=\"auto, (max-width: 1024px) 100vw, 1024px\" \/><\/figure>\n","protected":false},"excerpt":{"rendered":"<p>Dar\u00edo Pale Xalapa, Ver.- Se llevo a cabo una caminata Por y Para el Autismo la cual sali\u00f3 del teatro del estado al parque Ju\u00e1rez donde participaron aproximadamente 200 personas, con la finalidad de trabajar de forma coordinada con las instituciones y hacer visible la presencia del autismo. Entrevistada previo a la caminata para conmemorar [&hellip;]<\/p>\n","protected":false},"author":1,"featured_media":25447,"comment_status":"open","ping_status":"open","sticky":false,"template":"","format":"standard","meta":{"_jetpack_memberships_contains_paid_content":false,"footnotes":""},"categories":[3],"tags":[],"class_list":["post-25446","post","type-post","status-publish","format-standard","has-post-thumbnail","hentry","category-xalapa"],"jetpack_featured_media_url":"https:\/\/encuentroinformativo.com.mx\/wp-content\/uploads\/2022\/04\/4000541E-F03D-4A62-8670-EEB3AEB3C92A.jpeg","jetpack_sharing_enabled":true,"jetpack_likes_enabled":true,"amp_enabled":true,"_links":{"self":[{"href":"https:\/\/encuentroinformativo.com.mx\/index.php?rest_route=\/wp\/v2\/posts\/25446","targetHints":{"allow":["GET"]}}],"collection":[{"href":"https:\/\/encuentroinformativo.com.mx\/index.php?rest_route=\/wp\/v2\/posts"}],"about":[{"href":"https:\/\/encuentroinformativo.com.mx\/index.php?rest_route=\/wp\/v2\/types\/post"}],"author":[{"embeddable":true,"href":"https:\/\/encuentroinformativo.com.mx\/index.php?rest_route=\/wp\/v2\/users\/1"}],"replies":[{"embeddable":true,"href":"https:\/\/encuentroinformativo.com.mx\/index.php?rest_route=%2Fwp%2Fv2%2Fcomments&post=25446"}],"version-history":[{"count":1,"href":"https:\/\/encuentroinformativo.com.mx\/index.php?rest_route=\/wp\/v2\/posts\/25446\/revisions"}],"predecessor-version":[{"id":25450,"href":"https:\/\/encuentroinformativo.com.mx\/index.php?rest_route=\/wp\/v2\/posts\/25446\/revisions\/25450"}],"wp:featuredmedia":[{"embeddable":true,"href":"https:\/\/encuentroinformativo.com.mx\/index.php?rest_route=\/wp\/v2\/media\/25447"}],"wp:attachment":[{"href":"https:\/\/encuentroinformativo.com.mx\/index.php?rest_route=%2Fwp%2Fv2%2Fmedia&parent=25446"}],"wp:term":[{"taxonomy":"category","embeddable":true,"href":"https:\/\/encuentroinformativo.com.mx\/index.php?rest_route=%2Fwp%2Fv2%2Fcategories&post=25446"},{"taxonomy":"post_tag","embeddable":true,"href":"https:\/\/encuentroinformativo.com.mx\/index.php?rest_route=%2Fwp%2Fv2%2Ftags&post=25446"}],"curies":[{"name":"wp","href":"https:\/\/api.w.org\/{rel}","templated":true}]}}