{"id":25454,"date":"2022-04-02T14:03:01","date_gmt":"2022-04-02T20:03:01","guid":{"rendered":"https:\/\/encuentroinformativo.com.mx\/?p=25454"},"modified":"2022-04-02T14:03:04","modified_gmt":"2022-04-02T20:03:04","slug":"por-concentracion-a-favor-de-amlo-cerradas-calles-del-centro","status":"publish","type":"post","link":"https:\/\/encuentroinformativo.com.mx\/?p=25454","title":{"rendered":"Por concentraci\u00f3n a favor de AMLO, cerradas calles del centro"},"content":{"rendered":"\n<p><strong>Dar\u00edo Pale <\/strong><\/p>\n\n\n\n<p>Xalapa, Ver.- Desde las primeras horas de este s\u00e1bado fue cerrada la circulaci\u00f3n vehicular en las calles del centro de Xalapa con motivo de la Mega Concentraci\u00f3n para que siga AMLO que se realizar\u00e1 en la Plaza Lerdo, frente al Palacio de Gobierno.<\/p>\n\n\n\n<p>Las primeras calles que fueron cerradas son Lucio esquina con Ju\u00e1rez, Leandro Valle esquina Zaragoza y toda la calle de Enr\u00edquez, donde fueron colocadas vallas y un escenario, donde diferentes simpatizantes har\u00e1n uso de la voz.<\/p>\n\n\n\n<p>Se espera que lleguen alrededor de siete mil personas, por lo que colocaron sillas y vallas a lo largo de la avenida Enr\u00edquez, desde la esquina de la calle Leandro Valle hasta Clavijero.<\/p>\n\n\n\n<p>Despu\u00e9s de las 14:00 horas tambi\u00e9n se cerrar\u00e1 la circulaci\u00f3n vehicular en varias calles del centro de la capital por lo que se recomienda tomar vial alternas ya que esto ocasionar\u00e1 una gran caos, los puntos donde se cerrar\u00e1 la circulaci\u00f3n son:\u00a0Avenida \u00c1vila Camacho y Calle Sayago, Avenida Ruiz Cortinez y Calle Francisco Moreno, calle Papantla y calle Agustin Melgar, calle Jos\u00e9 Diaz y calle Navarrete, avenida \u00c1vila Camacho y calle Navarrete, calle Jos\u00e9 D\u00edaz y calle Rub\u00e9n Bouchez, calle Ignacio de la Llave y calle \u00c1ngel Garrido, calle Ignacio de la Llave y Miguel Alem\u00e1n, calle Victoria y calle Altamirano, avenida \u00c1vila Camacho y calle Hilario Salas, avenida Ru\u00edz Cort\u00ednez y calle Ignacio de la Llave.<\/p>\n\n\n\n<p>Otras de la calles y avenidas son: calle Benito Ju\u00e1rez y calle Guerrero, calle Clavijero y calle Altamirano, calle Clavijero y calle Benito Ju\u00e1rez, calle Dr. Lucio y calle Benito Ju\u00e1rez, calle Xalape\u00f1os Ilustres y Mata, calle de Mata y Zamora, calle de Allende y Zaragoza, calle de Barrag\u00e1n y calle Allende, calle de Bravo y calle Morelos.<\/p>\n\n\n\n<p>Por \u00faltimo cabe se\u00f1alar que se espera a presencia de funcionarios estatales a dicho evento organizado por la asociaci\u00f3n Que Siga la Democracia.<\/p>\n\n\n\n<figure class=\"wp-block-image size-large\"><img loading=\"lazy\" decoding=\"async\" width=\"1024\" height=\"768\" src=\"https:\/\/encuentroinformativo.com.mx\/wp-content\/uploads\/2022\/04\/D60A22AF-FE33-4988-8D37-CC902693BD58-1024x768.jpeg\" alt=\"\" class=\"wp-image-25456\" srcset=\"https:\/\/encuentroinformativo.com.mx\/wp-content\/uploads\/2022\/04\/D60A22AF-FE33-4988-8D37-CC902693BD58-1024x768.jpeg 1024w, https:\/\/encuentroinformativo.com.mx\/wp-content\/uploads\/2022\/04\/D60A22AF-FE33-4988-8D37-CC902693BD58-300x225.jpeg 300w, https:\/\/encuentroinformativo.com.mx\/wp-content\/uploads\/2022\/04\/D60A22AF-FE33-4988-8D37-CC902693BD58-768x576.jpeg 768w, https:\/\/encuentroinformativo.com.mx\/wp-content\/uploads\/2022\/04\/D60A22AF-FE33-4988-8D37-CC902693BD58-1536x1152.jpeg 1536w, https:\/\/encuentroinformativo.com.mx\/wp-content\/uploads\/2022\/04\/D60A22AF-FE33-4988-8D37-CC902693BD58.jpeg 1600w\" sizes=\"auto, (max-width: 1024px) 100vw, 1024px\" \/><\/figure>\n","protected":false},"excerpt":{"rendered":"<p>Dar\u00edo Pale Xalapa, Ver.- Desde las primeras horas de este s\u00e1bado fue cerrada la circulaci\u00f3n vehicular en las calles del centro de Xalapa con motivo de la Mega Concentraci\u00f3n para que siga AMLO que se realizar\u00e1 en la Plaza Lerdo, frente al Palacio de Gobierno. Las primeras calles que fueron cerradas son Lucio esquina con [&hellip;]<\/p>\n","protected":false},"author":1,"featured_media":25455,"comment_status":"open","ping_status":"open","sticky":false,"template":"","format":"standard","meta":{"_jetpack_memberships_contains_paid_content":false,"footnotes":""},"categories":[3],"tags":[],"class_list":["post-25454","post","type-post","status-publish","format-standard","has-post-thumbnail","hentry","category-xalapa"],"jetpack_featured_media_url":"https:\/\/encuentroinformativo.com.mx\/wp-content\/uploads\/2022\/04\/2552F84A-60E0-4D61-AF5B-EDC8B1C3FFD8.jpeg","jetpack_sharing_enabled":true,"jetpack_likes_enabled":true,"amp_enabled":true,"_links":{"self":[{"href":"https:\/\/encuentroinformativo.com.mx\/index.php?rest_route=\/wp\/v2\/posts\/25454","targetHints":{"allow":["GET"]}}],"collection":[{"href":"https:\/\/encuentroinformativo.com.mx\/index.php?rest_route=\/wp\/v2\/posts"}],"about":[{"href":"https:\/\/encuentroinformativo.com.mx\/index.php?rest_route=\/wp\/v2\/types\/post"}],"author":[{"embeddable":true,"href":"https:\/\/encuentroinformativo.com.mx\/index.php?rest_route=\/wp\/v2\/users\/1"}],"replies":[{"embeddable":true,"href":"https:\/\/encuentroinformativo.com.mx\/index.php?rest_route=%2Fwp%2Fv2%2Fcomments&post=25454"}],"version-history":[{"count":1,"href":"https:\/\/encuentroinformativo.com.mx\/index.php?rest_route=\/wp\/v2\/posts\/25454\/revisions"}],"predecessor-version":[{"id":25457,"href":"https:\/\/encuentroinformativo.com.mx\/index.php?rest_route=\/wp\/v2\/posts\/25454\/revisions\/25457"}],"wp:featuredmedia":[{"embeddable":true,"href":"https:\/\/encuentroinformativo.com.mx\/index.php?rest_route=\/wp\/v2\/media\/25455"}],"wp:attachment":[{"href":"https:\/\/encuentroinformativo.com.mx\/index.php?rest_route=%2Fwp%2Fv2%2Fmedia&parent=25454"}],"wp:term":[{"taxonomy":"category","embeddable":true,"href":"https:\/\/encuentroinformativo.com.mx\/index.php?rest_route=%2Fwp%2Fv2%2Fcategories&post=25454"},{"taxonomy":"post_tag","embeddable":true,"href":"https:\/\/encuentroinformativo.com.mx\/index.php?rest_route=%2Fwp%2Fv2%2Ftags&post=25454"}],"curies":[{"name":"wp","href":"https:\/\/api.w.org\/{rel}","templated":true}]}}