{"id":25458,"date":"2022-04-02T14:34:42","date_gmt":"2022-04-02T20:34:42","guid":{"rendered":"https:\/\/encuentroinformativo.com.mx\/?p=25458"},"modified":"2022-04-02T14:34:51","modified_gmt":"2022-04-02T20:34:51","slug":"localizan-cadaver-de-clara-noemi-con-signos-de-violencia-familia-exige-justicia","status":"publish","type":"post","link":"https:\/\/encuentroinformativo.com.mx\/?p=25458","title":{"rendered":"Localizan cad\u00e1ver de Clara Noem\u00ed con signos de violencia; familia exige justicia"},"content":{"rendered":"\n<p><strong>Alejandro \u00c1vila<\/strong><\/p>\n\n\n\n<p>Ixhuatl\u00e1n de Madero, Ver.- Vecinos de la localidad Lindero El Lim\u00f3n encontraron el cadaver de la peque\u00f1a, Clara Noem\u00ed, quien era buscada por su familia desde el pasado 29 de marzo.<\/p>\n\n\n\n<p>La jovencita de apenas 15 a\u00f1os de edad, hab\u00eda salido de su hogar en la localidad de Aytochco a primera hora del pasado martes con rumbo a la escuela; se presume que cruz\u00f3 una vereda para cortar camino, ya que se le hac\u00eda tarde para llegar a clases, pero en las aulas, nunca apareci\u00f3.<\/p>\n\n\n\n<p>La menor fue encontrada en un arroyo de la localidad Lindero El Lim\u00f3n, aparentemente con piedras para que el cuerpo no flotara; adem\u00e1s, presentaba rasgos de violencia y abuso sexual.<\/p>\n\n\n\n<p>Clara Noem\u00ed Hern\u00e1ndez Mart\u00ednez era buscada por sus padres, Eudelia Mart\u00ednez y Paulino Hern\u00e1ndez, desde el pasado martes, pues lo \u00faltimo que supieran de ella, es que se encontraron a rumbo el Telebachillerato.<\/p>\n\n\n\n<p>Ciudadanos de diversas localidades del municipio de Ixhuatl\u00e1n de Madero, exigen justicia de este lamentable y artero crimen, toda vez el agresor -Artemio &#8220;N&#8221;- ha sido detenido, y presuntamente habr\u00eda confesado el feminicidio.<\/p>\n\n\n\n<p>Familiares de la v\u00edctima solicitan el apoyo de la Fiscal\u00eda General y del Gobierno del Estado de Veracruz, para poner especial atenci\u00f3n en el caso, y se cumplan a cabalidad los procesos penales que logren la sentencia justa para el agresor.<\/p>\n\n\n\n<p>Alejandra Mart\u00ednez, familiar de Clara Noem\u00ed, escribi\u00f3 en Facebook:<\/p>\n\n\n\n<p>&#8220;\ud83e\udd7a te encontraron, pero demasiado tarde,tu que solo ibas camino a tu escuela muy temprano, cruzando por una vereda para acortar camino y llegar a tiempo, para prepararte&#8221;<\/p>\n\n\n\n<p>&#8220;A quienes comentaban o comentan ante un bolet\u00edn de b\u00fasqueda, &#8220;\u00a1ay para que tanto si debe estar con el novio!&#8221;, cr\u00e9ame que nosotros como familiares esperabamos que solo hubiera sido una travesura, pero que a fin de cuentas regresara sana y salva, lamentablemente Clara Noem\u00ed Hern\u00e1ndez Mart\u00ednez fue encontrada sin vida 4 d\u00edas despu\u00e9s de haber desaparecido, despu\u00e9s de buscarla por tanto tiempo. JusticiaparaClaraNoemi&#8221;<\/p>\n","protected":false},"excerpt":{"rendered":"<p>Alejandro \u00c1vila Ixhuatl\u00e1n de Madero, Ver.- Vecinos de la localidad Lindero El Lim\u00f3n encontraron el cadaver de la peque\u00f1a, Clara Noem\u00ed, quien era buscada por su familia desde el pasado 29 de marzo. La jovencita de apenas 15 a\u00f1os de edad, hab\u00eda salido de su hogar en la localidad de Aytochco a primera hora del [&hellip;]<\/p>\n","protected":false},"author":1,"featured_media":25459,"comment_status":"open","ping_status":"open","sticky":false,"template":"","format":"standard","meta":{"_jetpack_memberships_contains_paid_content":false,"footnotes":""},"categories":[2],"tags":[],"class_list":["post-25458","post","type-post","status-publish","format-standard","has-post-thumbnail","hentry","category-estado"],"jetpack_featured_media_url":"https:\/\/encuentroinformativo.com.mx\/wp-content\/uploads\/2022\/04\/A3DAD5E4-ECB8-4161-8CB0-2FB1BD59D968.jpeg","jetpack_sharing_enabled":true,"jetpack_likes_enabled":true,"amp_enabled":true,"_links":{"self":[{"href":"https:\/\/encuentroinformativo.com.mx\/index.php?rest_route=\/wp\/v2\/posts\/25458","targetHints":{"allow":["GET"]}}],"collection":[{"href":"https:\/\/encuentroinformativo.com.mx\/index.php?rest_route=\/wp\/v2\/posts"}],"about":[{"href":"https:\/\/encuentroinformativo.com.mx\/index.php?rest_route=\/wp\/v2\/types\/post"}],"author":[{"embeddable":true,"href":"https:\/\/encuentroinformativo.com.mx\/index.php?rest_route=\/wp\/v2\/users\/1"}],"replies":[{"embeddable":true,"href":"https:\/\/encuentroinformativo.com.mx\/index.php?rest_route=%2Fwp%2Fv2%2Fcomments&post=25458"}],"version-history":[{"count":1,"href":"https:\/\/encuentroinformativo.com.mx\/index.php?rest_route=\/wp\/v2\/posts\/25458\/revisions"}],"predecessor-version":[{"id":25460,"href":"https:\/\/encuentroinformativo.com.mx\/index.php?rest_route=\/wp\/v2\/posts\/25458\/revisions\/25460"}],"wp:featuredmedia":[{"embeddable":true,"href":"https:\/\/encuentroinformativo.com.mx\/index.php?rest_route=\/wp\/v2\/media\/25459"}],"wp:attachment":[{"href":"https:\/\/encuentroinformativo.com.mx\/index.php?rest_route=%2Fwp%2Fv2%2Fmedia&parent=25458"}],"wp:term":[{"taxonomy":"category","embeddable":true,"href":"https:\/\/encuentroinformativo.com.mx\/index.php?rest_route=%2Fwp%2Fv2%2Fcategories&post=25458"},{"taxonomy":"post_tag","embeddable":true,"href":"https:\/\/encuentroinformativo.com.mx\/index.php?rest_route=%2Fwp%2Fv2%2Ftags&post=25458"}],"curies":[{"name":"wp","href":"https:\/\/api.w.org\/{rel}","templated":true}]}}