{"id":25463,"date":"2022-04-03T15:11:05","date_gmt":"2022-04-03T20:11:05","guid":{"rendered":"https:\/\/encuentroinformativo.com.mx\/?p=25463"},"modified":"2022-04-03T15:11:09","modified_gmt":"2022-04-03T20:11:09","slug":"con-marcha-medicos-reclaman-liberacion-de-colega","status":"publish","type":"post","link":"https:\/\/encuentroinformativo.com.mx\/?p=25463","title":{"rendered":"Con marcha, m\u00e9dicos reclaman liberaci\u00f3n de colega"},"content":{"rendered":"\n<p><strong>Juan Arcos<\/strong><\/p>\n\n\n\n<p>Xalapa, Ver.- Un grupo de m\u00e9dicos protest\u00f3 y march\u00f3 sobre el bulevar Rafael Gu\u00edzar y Valencia, mejor conocido como Arco Sur, en esta ciudad de Xalapa, para exigir justicia y la liberaci\u00f3n de la doctora Rojano.<\/p>\n\n\n\n<p>Estas personas se concentraron afuera del Palacio de Justicia de la Federaci\u00f3n, frente al edificio de la Fiscal\u00eda General del Estado (FGE), en la Reserva Territorial de Xalapa.<\/p>\n\n\n\n<p>La doctora Rojano fue detenida el pasado 11 de febrero por un presunto caso de negligencia m\u00e9dica contra un paciente con leucemia, ocurrido en el a\u00f1o 2010.<\/p>\n\n\n\n<p>La especialista de la salud est\u00e1 recluida en el penal de Pacho Viejo, municipio de Coatepec, donde es acusada de homicidio culposo.<\/p>\n\n\n\n<p>De acuerdo con Mar\u00eda de los \u00c1ngeles Arcos S\u00e1nchez, madre de la m\u00e9dico detenida, hace 12 a\u00f1os, la doctora Rojano estuvo de apoyo (no contratada y jam\u00e1s cubiertos sus honorarios) como m\u00e9dico auxiliar en un Cefereso, donde inici\u00f3 actividades el 8 de marzo de 2010.<\/p>\n\n\n\n<p>All\u00ed ocurri\u00f3 un evento m\u00e9dico con un recluso (que no era su paciente) ingresado el d\u00eda 4 del mismo mes (poco antes que ella llegara) y el 12 de abril (2010) que le revisar\u00eda solicit\u00f3 su expediente sin \u00e9xito, ya que la m\u00e9dico encargado le orden\u00f3 no revisar los pacientes con padecimientos graves.<\/p>\n\n\n\n<p>Posteriormente el paciente present\u00f3 una emergencia por lo cual la doctora Rojano acudi\u00f3 a su ayuda proporcion\u00e1ndole los primeros auxilios con lo que hab\u00eda en el lugar, durante el RCP (reanimaci\u00f3n cardiopulmonar) lleg\u00f3 la m\u00e9dico que llevaba ese pabell\u00f3n y se encarg\u00f3 de la situaci\u00f3n, devolviendo a la se\u00f1alada a sus actividades.<\/p>\n\n\n\n<p>Dos a\u00f1os despu\u00e9s la doctora se enter\u00f3 por un citatorio que ese paciente hab\u00eda fallecido y fue llamada a declarar, lo cual ocurri\u00f3 sin mayor problema.<\/p>\n\n\n\n<p>Diez a\u00f1os transcurrieron y, como si fuera un criminal, fue aprehendida el 11 de febrero de 2022, frente a su menor hija, bajo el cargo de homicidio culposo.<\/p>\n\n\n\n<p>\u201cEn medio de un proceso turbio y sin derecho a libertad bajo fianza, siete d\u00edas despu\u00e9s le dictan auto de formal prisi\u00f3n en el penal de Pacho Viejo, llevando deliberadamente la parte fiscal seg\u00fan el antiguo sistema de justicia penal, haci\u00e9ndolo menos transparente y m\u00e1s tardado para ella y su familia\u201d, expresaron sus familiares.<\/p>\n","protected":false},"excerpt":{"rendered":"<p>Juan Arcos Xalapa, Ver.- Un grupo de m\u00e9dicos protest\u00f3 y march\u00f3 sobre el bulevar Rafael Gu\u00edzar y Valencia, mejor conocido como Arco Sur, en esta ciudad de Xalapa, para exigir justicia y la liberaci\u00f3n de la doctora Rojano. Estas personas se concentraron afuera del Palacio de Justicia de la Federaci\u00f3n, frente al edificio de la [&hellip;]<\/p>\n","protected":false},"author":1,"featured_media":25464,"comment_status":"open","ping_status":"open","sticky":false,"template":"","format":"standard","meta":{"_jetpack_memberships_contains_paid_content":false,"footnotes":""},"categories":[3],"tags":[],"class_list":["post-25463","post","type-post","status-publish","format-standard","has-post-thumbnail","hentry","category-xalapa"],"jetpack_featured_media_url":"https:\/\/encuentroinformativo.com.mx\/wp-content\/uploads\/2022\/04\/DA9DF846-729E-4C80-A8F2-F47E8572148E.jpeg","jetpack_sharing_enabled":true,"jetpack_likes_enabled":true,"amp_enabled":true,"_links":{"self":[{"href":"https:\/\/encuentroinformativo.com.mx\/index.php?rest_route=\/wp\/v2\/posts\/25463","targetHints":{"allow":["GET"]}}],"collection":[{"href":"https:\/\/encuentroinformativo.com.mx\/index.php?rest_route=\/wp\/v2\/posts"}],"about":[{"href":"https:\/\/encuentroinformativo.com.mx\/index.php?rest_route=\/wp\/v2\/types\/post"}],"author":[{"embeddable":true,"href":"https:\/\/encuentroinformativo.com.mx\/index.php?rest_route=\/wp\/v2\/users\/1"}],"replies":[{"embeddable":true,"href":"https:\/\/encuentroinformativo.com.mx\/index.php?rest_route=%2Fwp%2Fv2%2Fcomments&post=25463"}],"version-history":[{"count":1,"href":"https:\/\/encuentroinformativo.com.mx\/index.php?rest_route=\/wp\/v2\/posts\/25463\/revisions"}],"predecessor-version":[{"id":25465,"href":"https:\/\/encuentroinformativo.com.mx\/index.php?rest_route=\/wp\/v2\/posts\/25463\/revisions\/25465"}],"wp:featuredmedia":[{"embeddable":true,"href":"https:\/\/encuentroinformativo.com.mx\/index.php?rest_route=\/wp\/v2\/media\/25464"}],"wp:attachment":[{"href":"https:\/\/encuentroinformativo.com.mx\/index.php?rest_route=%2Fwp%2Fv2%2Fmedia&parent=25463"}],"wp:term":[{"taxonomy":"category","embeddable":true,"href":"https:\/\/encuentroinformativo.com.mx\/index.php?rest_route=%2Fwp%2Fv2%2Fcategories&post=25463"},{"taxonomy":"post_tag","embeddable":true,"href":"https:\/\/encuentroinformativo.com.mx\/index.php?rest_route=%2Fwp%2Fv2%2Ftags&post=25463"}],"curies":[{"name":"wp","href":"https:\/\/api.w.org\/{rel}","templated":true}]}}