{"id":25469,"date":"2022-04-03T15:38:45","date_gmt":"2022-04-03T20:38:45","guid":{"rendered":"https:\/\/encuentroinformativo.com.mx\/?p=25469"},"modified":"2022-04-03T15:38:49","modified_gmt":"2022-04-03T20:38:49","slug":"crece-poblacion-de-ninos-con-autismo-especialistas","status":"publish","type":"post","link":"https:\/\/encuentroinformativo.com.mx\/?p=25469","title":{"rendered":"Crece poblaci\u00f3n de ni\u00f1os con autismo: Especialistas"},"content":{"rendered":"\n<p><strong>Juan Arcos<\/strong><\/p>\n\n\n\n<p>Xalapa, Ver.- La poblaci\u00f3n de ni\u00f1as y ni\u00f1os con autismo ha crecido durante los \u00faltimos a\u00f1os en el estado de Veracruz y el pa\u00eds.<\/p>\n\n\n\n<p>As\u00ed lo revel\u00f3 el psic\u00f3logo especialista en el s\u00edndrome de espectro autista, Nahum S\u00e1nchez Viveros, quien a\u00f1adi\u00f3 que en la Rep\u00fablica Mexicana no hay estudios que permitan conocer cu\u00e1ntas personas presentan dicha condici\u00f3n.<\/p>\n\n\n\n<p>\u201cNo hay estudios, no hay estad\u00edsticas. Se hizo un estudio hace algunos a\u00f1os en Guanajuato que vinieron unas personas norteamericanas a hacerlo y se hablaba de uno por cada 64, pero en Estados Unidos ya hablan de uno por cada 40. Lo que s\u00ed puedo asegurar es que desde que yo empec\u00e9 en esto a la fecha s\u00ed he visto un incremento en lo cotidiano, voy a la tienda y me encuentro a ni\u00f1os con autismo, voy a la escuela de mi hija veo ni\u00f1os con autismo\u201d, expres\u00f3.<\/p>\n\n\n\n<p>El m\u00e9dico consider\u00f3 que muchas personas han sido diagnosticadas con la mencionada condici\u00f3n y que han recibido tratamiento en instituciones privadas.<\/p>\n\n\n\n<p>\u201cHay m\u00e1s personas con autismo, diagnosticados y no diagnosticados. Hace algunos a\u00f1os conoc\u00ed a una persona, se cas\u00f3, creci\u00f3, acaba de tener a su beb\u00e9 hace tres a\u00f1os y ahorita el ni\u00f1o tiene todas las caracter\u00edsticas de diagn\u00f3stico\u201d, agreg\u00f3 S\u00e1nchez Viveros.<\/p>\n\n\n\n<p>Record\u00f3 que la Ley 669 para la Atenci\u00f3n, Intervenci\u00f3n, Protecci\u00f3n e Inclusi\u00f3n de las Personas con Trastorno del Espectro Autista para el Estado de Veracruz ordena la existencia de un Centro de Autismo, suscrita al Centro de Rehabilitaci\u00f3n e Inclusi\u00f3n Social (Crisver).<\/p>\n\n\n\n<p>Sin embargo, en la actualidad, solo se cuenta con una subdirecci\u00f3n con el m\u00ednimo de personal para la atenci\u00f3n de la poblaci\u00f3n con autismo.<\/p>\n\n\n\n<p>El 2 de abril se conmemor\u00f3 el D\u00eda Mundial de Concientizaci\u00f3n sobre el Autismo, en busca de una sociedad inclusiva que acepta, conoce y respeta a las personas con esta condici\u00f3n.<\/p>\n","protected":false},"excerpt":{"rendered":"<p>Juan Arcos Xalapa, Ver.- La poblaci\u00f3n de ni\u00f1as y ni\u00f1os con autismo ha crecido durante los \u00faltimos a\u00f1os en el estado de Veracruz y el pa\u00eds. As\u00ed lo revel\u00f3 el psic\u00f3logo especialista en el s\u00edndrome de espectro autista, Nahum S\u00e1nchez Viveros, quien a\u00f1adi\u00f3 que en la Rep\u00fablica Mexicana no hay estudios que permitan conocer cu\u00e1ntas [&hellip;]<\/p>\n","protected":false},"author":1,"featured_media":25470,"comment_status":"open","ping_status":"open","sticky":false,"template":"","format":"standard","meta":{"_jetpack_memberships_contains_paid_content":false,"footnotes":""},"categories":[9],"tags":[],"class_list":["post-25469","post","type-post","status-publish","format-standard","has-post-thumbnail","hentry","category-salud"],"jetpack_featured_media_url":"https:\/\/encuentroinformativo.com.mx\/wp-content\/uploads\/2022\/04\/69F5804A-DAE7-4C92-827B-3E69C8D91405.jpeg","jetpack_sharing_enabled":true,"jetpack_likes_enabled":true,"amp_enabled":true,"_links":{"self":[{"href":"https:\/\/encuentroinformativo.com.mx\/index.php?rest_route=\/wp\/v2\/posts\/25469","targetHints":{"allow":["GET"]}}],"collection":[{"href":"https:\/\/encuentroinformativo.com.mx\/index.php?rest_route=\/wp\/v2\/posts"}],"about":[{"href":"https:\/\/encuentroinformativo.com.mx\/index.php?rest_route=\/wp\/v2\/types\/post"}],"author":[{"embeddable":true,"href":"https:\/\/encuentroinformativo.com.mx\/index.php?rest_route=\/wp\/v2\/users\/1"}],"replies":[{"embeddable":true,"href":"https:\/\/encuentroinformativo.com.mx\/index.php?rest_route=%2Fwp%2Fv2%2Fcomments&post=25469"}],"version-history":[{"count":1,"href":"https:\/\/encuentroinformativo.com.mx\/index.php?rest_route=\/wp\/v2\/posts\/25469\/revisions"}],"predecessor-version":[{"id":25471,"href":"https:\/\/encuentroinformativo.com.mx\/index.php?rest_route=\/wp\/v2\/posts\/25469\/revisions\/25471"}],"wp:featuredmedia":[{"embeddable":true,"href":"https:\/\/encuentroinformativo.com.mx\/index.php?rest_route=\/wp\/v2\/media\/25470"}],"wp:attachment":[{"href":"https:\/\/encuentroinformativo.com.mx\/index.php?rest_route=%2Fwp%2Fv2%2Fmedia&parent=25469"}],"wp:term":[{"taxonomy":"category","embeddable":true,"href":"https:\/\/encuentroinformativo.com.mx\/index.php?rest_route=%2Fwp%2Fv2%2Fcategories&post=25469"},{"taxonomy":"post_tag","embeddable":true,"href":"https:\/\/encuentroinformativo.com.mx\/index.php?rest_route=%2Fwp%2Fv2%2Ftags&post=25469"}],"curies":[{"name":"wp","href":"https:\/\/api.w.org\/{rel}","templated":true}]}}