{"id":25478,"date":"2022-04-04T09:43:55","date_gmt":"2022-04-04T14:43:55","guid":{"rendered":"https:\/\/encuentroinformativo.com.mx\/?p=25478"},"modified":"2022-04-04T09:43:59","modified_gmt":"2022-04-04T14:43:59","slug":"clara-una-menos","status":"publish","type":"post","link":"https:\/\/encuentroinformativo.com.mx\/?p=25478","title":{"rendered":"Clara, una menos"},"content":{"rendered":"\n<p><strong>N\u00fameros Rojos<\/strong><br><br><strong>Brenda Caballero<\/strong><\/p>\n\n\n\n<p>\u00c9sta pudiera ser la columna de hace un mes, dos o tres meses atr\u00e1s. Tambi\u00e9n pudiera ser la columna que escriba en uno, dos o tres meses despu\u00e9s. La tendencia de incremento de feminicidios en Veracruz parece no tener tregua,\u00a0ni tiempo ni calendario.<\/p>\n\n\n\n<p>Y si ayer o ma\u00f1ana los feminicidios van a la alza en nuestro estado, solamente reflejan una cosa: No hay estrategia para combatirlos.<\/p>\n\n\n\n<p>La indignaci\u00f3n, la exigencia de justicia, el mayor castigo para el culpable son el com\u00fan denominador en la sociedad cuando una mujer o una ni\u00f1a es violentada y asesinada; sin embargo, el caso es olvidado cuando es remplazado por otro feminicidio.<\/p>\n\n\n\n<p>\u00bfHasta cu\u00e1ndo? Es la pregunta que surge una y otra vez y su respuesta es el vac\u00edo y la desesperanza ante la falta de capacidad de nuestras autoridades para enfrentar y combatir a los feminicidas.<\/p>\n\n\n\n<p>La recomendaci\u00f3n de cuidarse las unas a las otras como respuesta de la sociedad ante un gobierno que ha olvidado asignar recursos para protecci\u00f3n a las mujeres, tampoco ha dado resultado.<\/p>\n\n\n\n<p>Y vuelve la indignaci\u00f3n como el feminicidio de Clara Noem\u00ed, la adolescente de 15 a\u00f1os que desapareci\u00f3 el pasado 29 de marzo cuando se dirig\u00eda a la escuela.<\/p>\n\n\n\n<p>\u00bfQu\u00e9 hizo mal Clara para convertirse en una cifra m\u00e1s? Nada. Tan solo se le ocurri\u00f3 tomar otro camino de su domicilio a la escuela, ubicados en Lindero Lim\u00f3n, comunidad de Ixhuatl\u00e1n de Madero, lo que fue aprovechado por su victimario, el cual la agredi\u00f3 sexualmente, la asesin\u00f3 y para ocultar de crimen, arroj\u00f3 el cuerpo al r\u00edo amarr\u00e1ndole piedras, para que no flotara y no fuera localizado. \u00bfPor qu\u00e9 lo hizo? Es la misma pregunta. No hay variable de respuesta: Porque puede hacerlo creyendo que no tendr\u00e1\u00a0castigo.<\/p>\n\n\n\n<p>\u00bfHabr\u00e1 una diferencia esta vez?<\/p>\n\n\n\n<p>Apenas el Secretariado Ejecutivo del Sistema Nacional de Seguridad P\u00fablica dio a conocer en su Informe Sobre Violencia Contra las Mujeres con corte al 28 de febrero de 2022, que Veracruz contabiliz\u00f3 15 presuntos delitos de Feminicidio a Nivel Estatal, \u00fanicamente superado por el Estado de M\u00e9xico con 22.<\/p>\n\n\n\n<p>De los 100 municipios con incidencia de presuntos delitos de feminicidio de enero y febrero, figuraron Coatzacoalcos, que se encuentra en el lugar 25 con 2, y Cosamaloapan con 2, en el lugar 26.<\/p>\n\n\n\n<p>Con respecto a presuntas v\u00edctimas mujeres de secuestro, Veracruz ocupa el primer lugar nacional en enero y febrero con 6. Y en el rubro de presuntas v\u00edctimas mujeres de extorsi\u00f3n, Veracruz ocupa el segundo lugar nacional con 52.<\/p>\n\n\n\n<p>Veracruz tambi\u00e9n se encuentra en segundo lugar nacional con 200 casos en presuntos delitos de violencia de g\u00e9nero en todas sus modalidades distinta a la violencia familiar.<\/p>\n\n\n\n<p>Con esas cifras del Secretariado Ejecutivo del Sistema Nacional de Seguridad P\u00fablica, vale la pena preguntarse si El D\u00eda Naranja donde \u00fanicamente colocan mo\u00f1itos naranja a sus \u201callegadas\u201d, est\u00e1 funcionando como estrategia estatal contra la violencia.<\/p>\n\n\n\n<p>Twiter: @NumerosRojos_BC<br><a href=\"mailto:caballero_brenda@hotmail.com\" target=\"_blank\" rel=\"noreferrer noopener\">caballero_brenda@hotmail.com<\/a><\/p>\n","protected":false},"excerpt":{"rendered":"<p>N\u00fameros Rojos Brenda Caballero \u00c9sta pudiera ser la columna de hace un mes, dos o tres meses atr\u00e1s. Tambi\u00e9n pudiera ser la columna que escriba en uno, dos o tres meses despu\u00e9s. La tendencia de incremento de feminicidios en Veracruz parece no tener tregua,\u00a0ni tiempo ni calendario. Y si ayer o ma\u00f1ana los feminicidios van [&hellip;]<\/p>\n","protected":false},"author":1,"featured_media":387,"comment_status":"open","ping_status":"open","sticky":false,"template":"","format":"standard","meta":{"_jetpack_memberships_contains_paid_content":false,"footnotes":""},"categories":[11],"tags":[],"class_list":["post-25478","post","type-post","status-publish","format-standard","has-post-thumbnail","hentry","category-opinion"],"jetpack_featured_media_url":"https:\/\/encuentroinformativo.com.mx\/wp-content\/uploads\/2020\/03\/7CF8A22B-2764-47BE-8F7F-38FE9E5D6A2F.jpeg","jetpack_sharing_enabled":true,"jetpack_likes_enabled":true,"amp_enabled":true,"_links":{"self":[{"href":"https:\/\/encuentroinformativo.com.mx\/index.php?rest_route=\/wp\/v2\/posts\/25478","targetHints":{"allow":["GET"]}}],"collection":[{"href":"https:\/\/encuentroinformativo.com.mx\/index.php?rest_route=\/wp\/v2\/posts"}],"about":[{"href":"https:\/\/encuentroinformativo.com.mx\/index.php?rest_route=\/wp\/v2\/types\/post"}],"author":[{"embeddable":true,"href":"https:\/\/encuentroinformativo.com.mx\/index.php?rest_route=\/wp\/v2\/users\/1"}],"replies":[{"embeddable":true,"href":"https:\/\/encuentroinformativo.com.mx\/index.php?rest_route=%2Fwp%2Fv2%2Fcomments&post=25478"}],"version-history":[{"count":1,"href":"https:\/\/encuentroinformativo.com.mx\/index.php?rest_route=\/wp\/v2\/posts\/25478\/revisions"}],"predecessor-version":[{"id":25479,"href":"https:\/\/encuentroinformativo.com.mx\/index.php?rest_route=\/wp\/v2\/posts\/25478\/revisions\/25479"}],"wp:featuredmedia":[{"embeddable":true,"href":"https:\/\/encuentroinformativo.com.mx\/index.php?rest_route=\/wp\/v2\/media\/387"}],"wp:attachment":[{"href":"https:\/\/encuentroinformativo.com.mx\/index.php?rest_route=%2Fwp%2Fv2%2Fmedia&parent=25478"}],"wp:term":[{"taxonomy":"category","embeddable":true,"href":"https:\/\/encuentroinformativo.com.mx\/index.php?rest_route=%2Fwp%2Fv2%2Fcategories&post=25478"},{"taxonomy":"post_tag","embeddable":true,"href":"https:\/\/encuentroinformativo.com.mx\/index.php?rest_route=%2Fwp%2Fv2%2Ftags&post=25478"}],"curies":[{"name":"wp","href":"https:\/\/api.w.org\/{rel}","templated":true}]}}