{"id":25480,"date":"2022-04-04T09:46:06","date_gmt":"2022-04-04T14:46:06","guid":{"rendered":"https:\/\/encuentroinformativo.com.mx\/?p=25480"},"modified":"2022-04-04T09:46:09","modified_gmt":"2022-04-04T14:46:09","slug":"pri-alternancia-y-yunes","status":"publish","type":"post","link":"https:\/\/encuentroinformativo.com.mx\/?p=25480","title":{"rendered":"PRI, Alternancia y Yunes"},"content":{"rendered":"\n<p><strong>Los Pol\u00edticos<\/strong><\/p>\n\n\n\n<p><strong>Salvador Mu\u00f1oz<\/strong><\/p>\n\n\n\n<p>A m\u00e1s de una semana de las elecciones extraordinarias, las lecturas contin\u00faan y hay al menos dos en las que casi no se enfocaron los comentarios tras conocer los resultados.<\/p>\n\n\n\n<p>El primero de ellos, es el poco entendido valor de la alternancia que se vive a partir del 2000. Vamos, para darle comprensi\u00f3n a la Alternancia hay que entender primero que lo ideal es que ya no haya hegemon\u00eda partidista como la vivida en el siglo pasado aun con su d\u00e9cada final de visos democr\u00e1ticos.<\/p>\n\n\n\n<p>Cuando el PAN triunfa en el 2000, le alcanz\u00f3 para dos sexenios (haiga sido como haiga sido)&#8230; En el 2012, regresa el PRI\u2026 hoy gobierna Morena como parte de ese elemento esencial que debe prevalecer ya en nuestros ejercicios democr\u00e1ticos: la alternancia.<\/p>\n\n\n\n<p>A nivel estatal, en Veracruz, se han conocido dos estilos de gobernar y se vive actualmente uno. Cada ciudadano, libre de filias y fobias, sin colores ni partido, puede opinar incluso en este momento de los tres y hacer un breve an\u00e1lisis de cu\u00e1l es mejor y cu\u00e1l peor\u2026<\/p>\n\n\n\n<p>Bueno, pues si a nivel nacional y estatal la alternancia se da en nuestra democracia, cuantim\u00e1s se plasma en la mayor\u00eda de los municipios de nuestro Veracruz, y las elecciones extraordinarias en Chiconamel, Amatitl\u00e1n, Jes\u00fas Carranza y Tlacotepec de Mej\u00eda, hablan de ello cual si fuera un mini-laboratorio.<\/p>\n\n\n\n<p>Cuando se dice \u201cen la mayor\u00eda\u201d es por la excepci\u00f3n de la regla en los cuatro municipios citados, Chiconamel, donde el PRD ha mantenido su hegemon\u00eda desde el 2013 aunque en el 2021, el PRI estuvo a nada de pararle sus tacos de no ser porque se impugn\u00f3 el resultado. Al final, en las extraordinarias, el Sol Azteca volvi\u00f3 por sus fueros.<\/p>\n\n\n\n<p>En Amatitl\u00e1n, en 2013 gan\u00f3 el PAN; en el 2017, PT; y en esta ocasi\u00f3n, la alianza PT-Morena quiz\u00e1s viendo el crecimiento que Movimiento Ciudadano tra\u00eda y s\u00f3lo unidos sab\u00edan que pod\u00edan frenar a los naranjas.<\/p>\n\n\n\n<p>En Jes\u00fas Carranza la alternancia es m\u00e1s clara: del PRI (2013) pasa a Morena (2017) y esta vez al PT.<\/p>\n\n\n\n<p>Tlacotepec de Mej\u00eda es otro ejemplo de ello: Del AVE a Nueva Alianza para esta vez ser gobernada por Podemos.<\/p>\n\n\n\n<p>El segundo: Ahora bien, la mentalidad que tenemos en las elecciones es casi la misma a la que se tiene en el torneo de futbol mexicano: queremos ver en los primeros lugares al PRI, al PAN, y ahora a Morena\u2026 ver triunfar al PT, PRD o Podemos, es tan raro como cuando en los primeros lugares tenemos al Pachuca o Puebla, o resulte campe\u00f3n el Atlas.<\/p>\n\n\n\n<p>El asunto en la alternancia no es ganar o perder, sino recomponer y adaptarse. En el PRI, en sus militantes viejos, aquellos que vivieron m\u00e1s de 80 a\u00f1os de gloria, esa transici\u00f3n ha de ser complicada, tortuosa y ha de generar hasta cierto malestar con sus actuales dirigentes. Si ven a un PRI \u201cen crisis\u201d, est\u00e1n anquilosados, siguen rumiando esos tiempos cuando amarraban a los perros con longaniza, donde su l\u00edder era el Gobernador y la dirigencia del partido era ocupada como un ap\u00e9ndice del Gobierno en turno.<\/p>\n\n\n\n<p>Renato Alarc\u00f3n y Am\u00e9rico Z\u00fa\u00f1iga a medias les toc\u00f3 la alternancia\u2026 a medias porque si bien ya no estaba el gobernador de su lado, ten\u00edan al Presidente Pe\u00f1a como \u201crespaldo\u201d&#8230; y a\u00fan as\u00ed, vivieron la derrota con todo H\u00e9ctor Yunes y Pepe Yunes en su participaci\u00f3n electoral\u2026 y eso que ambos sab\u00edan lo que era una derrota. La Antigua lo recuerda. \u00a1Vamos! Hasta el de Perote, sabiendo que el PRI era todopoderoso, hizo la siguiente declaraci\u00f3n a quien escribe, all\u00e1 por el 2005, a punto de pedir licencia como diputado local para buscar la Senadur\u00eda:<\/p>\n\n\n\n<p>\u2013Y si pierdes?<\/p>\n\n\n\n<p>\u2013Me retiro de la pol\u00edtica\u2026\u2013 y se trag\u00f3 sus palabras.<\/p>\n\n\n\n<p>La broma que hoy se hace de Pepe y H\u00e9ctor es que si un d\u00eda alguno de ellos llega a ser Gobernador, es porque se transformaron en Combi.<\/p>\n\n\n\n<p>Quienes hoy demandan cuentas al PRI, en unas elecciones intermedias y en unas extraordinarias, son los que perdieron la gubernatura, perdieron curules federales, perdieron un congreso local\u2026 A Marlon Ram\u00edrez le toc\u00f3 empezar como dirigente municipal del partido\u2026 y como dirigente estatal, de cero. No presidente, no gobernador, no dinero, muchas deudas, un partido en plena recomposici\u00f3n donde s\u00f3lo quedaron los pri\u00edstas que est\u00e1n entendiendo de qu\u00e9 trata ser oposici\u00f3n, la alternancia, y en una de \u00e9sas, hasta la democracia\u2026<\/p>\n\n\n\n<p>Del PAN, del PRD, de Morena, en otra ocasi\u00f3n platicamos\u2026<\/p>\n\n\n\n<p><a href=\"mailto:smcainito@gmail.com\" target=\"_blank\" rel=\"noreferrer noopener\">smcainito@gmail.com<\/a><\/p>\n","protected":false},"excerpt":{"rendered":"<p>Los Pol\u00edticos Salvador Mu\u00f1oz A m\u00e1s de una semana de las elecciones extraordinarias, las lecturas contin\u00faan y hay al menos dos en las que casi no se enfocaron los comentarios tras conocer los resultados. El primero de ellos, es el poco entendido valor de la alternancia que se vive a partir del 2000. Vamos, para [&hellip;]<\/p>\n","protected":false},"author":1,"featured_media":387,"comment_status":"open","ping_status":"open","sticky":false,"template":"","format":"standard","meta":{"_jetpack_memberships_contains_paid_content":false,"footnotes":""},"categories":[11],"tags":[],"class_list":["post-25480","post","type-post","status-publish","format-standard","has-post-thumbnail","hentry","category-opinion"],"jetpack_featured_media_url":"https:\/\/encuentroinformativo.com.mx\/wp-content\/uploads\/2020\/03\/7CF8A22B-2764-47BE-8F7F-38FE9E5D6A2F.jpeg","jetpack_sharing_enabled":true,"jetpack_likes_enabled":true,"amp_enabled":true,"_links":{"self":[{"href":"https:\/\/encuentroinformativo.com.mx\/index.php?rest_route=\/wp\/v2\/posts\/25480","targetHints":{"allow":["GET"]}}],"collection":[{"href":"https:\/\/encuentroinformativo.com.mx\/index.php?rest_route=\/wp\/v2\/posts"}],"about":[{"href":"https:\/\/encuentroinformativo.com.mx\/index.php?rest_route=\/wp\/v2\/types\/post"}],"author":[{"embeddable":true,"href":"https:\/\/encuentroinformativo.com.mx\/index.php?rest_route=\/wp\/v2\/users\/1"}],"replies":[{"embeddable":true,"href":"https:\/\/encuentroinformativo.com.mx\/index.php?rest_route=%2Fwp%2Fv2%2Fcomments&post=25480"}],"version-history":[{"count":1,"href":"https:\/\/encuentroinformativo.com.mx\/index.php?rest_route=\/wp\/v2\/posts\/25480\/revisions"}],"predecessor-version":[{"id":25481,"href":"https:\/\/encuentroinformativo.com.mx\/index.php?rest_route=\/wp\/v2\/posts\/25480\/revisions\/25481"}],"wp:featuredmedia":[{"embeddable":true,"href":"https:\/\/encuentroinformativo.com.mx\/index.php?rest_route=\/wp\/v2\/media\/387"}],"wp:attachment":[{"href":"https:\/\/encuentroinformativo.com.mx\/index.php?rest_route=%2Fwp%2Fv2%2Fmedia&parent=25480"}],"wp:term":[{"taxonomy":"category","embeddable":true,"href":"https:\/\/encuentroinformativo.com.mx\/index.php?rest_route=%2Fwp%2Fv2%2Fcategories&post=25480"},{"taxonomy":"post_tag","embeddable":true,"href":"https:\/\/encuentroinformativo.com.mx\/index.php?rest_route=%2Fwp%2Fv2%2Ftags&post=25480"}],"curies":[{"name":"wp","href":"https:\/\/api.w.org\/{rel}","templated":true}]}}