{"id":25485,"date":"2022-04-04T10:34:12","date_gmt":"2022-04-04T15:34:12","guid":{"rendered":"https:\/\/encuentroinformativo.com.mx\/?p=25485"},"modified":"2022-04-04T10:34:15","modified_gmt":"2022-04-04T15:34:15","slug":"reclaman-reparacion-de-danos-por-accidente-en-naolinco","status":"publish","type":"post","link":"https:\/\/encuentroinformativo.com.mx\/?p=25485","title":{"rendered":"Reclaman reparaci\u00f3n de da\u00f1os por accidente en Naolinco"},"content":{"rendered":"\n<p><strong>Juan Arcos<\/strong><\/p>\n\n\n\n<p>Xalapa, Ver.- Pobladores de Naolinco amagaron con tomar la carretera hacia Banderilla para exigir la reparaci\u00f3n de los da\u00f1os y la indemnizaci\u00f3n para las v\u00edctimas de un accidente que ocasion\u00f3 un tr\u00e1iler en la zona.<\/p>\n\n\n\n<p>Los hechos ocurrieron el lunes 28 de febrero, en el municipio de Naolinco, ubicado a 45 kil\u00f3metros de la ciudad de Xalapa, donde la unidad de carga pesada se qued\u00f3 sin frenos y choc\u00f3 contra viviendas, un taxi y una camioneta, dejando cuatro muertos y a una persona con discapacidad.<\/p>\n\n\n\n<p>La gente hab\u00eda anunciado una protesta en el sitio donde ocurri\u00f3 el accidente, cerca de un ret\u00e9n policiaco, para denunciar que el chofer del tr\u00e1iler no se ha hecho responsable por las muertes y las afectaciones que ocasion\u00f3.<\/p>\n\n\n\n<p>Han pasado 37 d\u00edas desde que esto ocurri\u00f3. La gente est\u00e1 molesta por dicha situaci\u00f3n y hab\u00eda anunciado el bloqueo carretero para este lunes 4 de abril; sin embargo, decidieron cancelarlo debido a la presencia de polic\u00edas estatales en la zona.<\/p>\n\n\n\n<p>Los pobladores indicaron de manera an\u00f3nima que buscar\u00e1n un acercamiento con autoridades de la Secretar\u00eda de Gobierno para que los apoyen en el caso mencionado.<\/p>\n\n\n\n<p>\u201cLa idea es hablar o cercarse con el secretario de Gobierno (Eric Cisneros Burgos). Como se dio sobre aviso y hubo chismes de que se iba a hacer el paro, el pueblo se inund\u00f3 de patrullas estatales\u201d, expresaron.<\/p>\n\n\n\n<p>Las personas exigen justicia en el caso, toda vez que cuatro ciudadanos fallecieron y otra persona perdi\u00f3 una pierna tras el accidente.<\/p>\n\n\n\n<p>\u201cAhorita se detuvo el paro porque ya hay mucho movimiento de patrullas. Se est\u00e1n tomando acuerdos con las personas afectadas, las personas que tuvieron sus fallecidos, porque fueron cuatro y la persona que perdi\u00f3 su pierna, el se\u00f1or est\u00e1 muy interesado en que se haga justicia y su esposa tenga un sustento de vida en los pr\u00f3ximos a\u00f1os\u201d.<\/p>\n\n\n\n<p>La gente tambi\u00e9n exigi\u00f3 que sean reparadas las casas donde se estrell\u00f3 el tr\u00e1iler que trasladaba quesos y proced\u00eda del municipio de Miahuatl\u00e1n.<\/p>\n","protected":false},"excerpt":{"rendered":"<p>Juan Arcos Xalapa, Ver.- Pobladores de Naolinco amagaron con tomar la carretera hacia Banderilla para exigir la reparaci\u00f3n de los da\u00f1os y la indemnizaci\u00f3n para las v\u00edctimas de un accidente que ocasion\u00f3 un tr\u00e1iler en la zona. Los hechos ocurrieron el lunes 28 de febrero, en el municipio de Naolinco, ubicado a 45 kil\u00f3metros de [&hellip;]<\/p>\n","protected":false},"author":1,"featured_media":25486,"comment_status":"open","ping_status":"open","sticky":false,"template":"","format":"standard","meta":{"_jetpack_memberships_contains_paid_content":false,"footnotes":""},"categories":[8],"tags":[],"class_list":["post-25485","post","type-post","status-publish","format-standard","has-post-thumbnail","hentry","category-region"],"jetpack_featured_media_url":"https:\/\/encuentroinformativo.com.mx\/wp-content\/uploads\/2022\/04\/E697840A-DE27-4A38-A10D-DFA9C12AEE24.jpeg","jetpack_sharing_enabled":true,"jetpack_likes_enabled":true,"amp_enabled":true,"_links":{"self":[{"href":"https:\/\/encuentroinformativo.com.mx\/index.php?rest_route=\/wp\/v2\/posts\/25485","targetHints":{"allow":["GET"]}}],"collection":[{"href":"https:\/\/encuentroinformativo.com.mx\/index.php?rest_route=\/wp\/v2\/posts"}],"about":[{"href":"https:\/\/encuentroinformativo.com.mx\/index.php?rest_route=\/wp\/v2\/types\/post"}],"author":[{"embeddable":true,"href":"https:\/\/encuentroinformativo.com.mx\/index.php?rest_route=\/wp\/v2\/users\/1"}],"replies":[{"embeddable":true,"href":"https:\/\/encuentroinformativo.com.mx\/index.php?rest_route=%2Fwp%2Fv2%2Fcomments&post=25485"}],"version-history":[{"count":1,"href":"https:\/\/encuentroinformativo.com.mx\/index.php?rest_route=\/wp\/v2\/posts\/25485\/revisions"}],"predecessor-version":[{"id":25487,"href":"https:\/\/encuentroinformativo.com.mx\/index.php?rest_route=\/wp\/v2\/posts\/25485\/revisions\/25487"}],"wp:featuredmedia":[{"embeddable":true,"href":"https:\/\/encuentroinformativo.com.mx\/index.php?rest_route=\/wp\/v2\/media\/25486"}],"wp:attachment":[{"href":"https:\/\/encuentroinformativo.com.mx\/index.php?rest_route=%2Fwp%2Fv2%2Fmedia&parent=25485"}],"wp:term":[{"taxonomy":"category","embeddable":true,"href":"https:\/\/encuentroinformativo.com.mx\/index.php?rest_route=%2Fwp%2Fv2%2Fcategories&post=25485"},{"taxonomy":"post_tag","embeddable":true,"href":"https:\/\/encuentroinformativo.com.mx\/index.php?rest_route=%2Fwp%2Fv2%2Ftags&post=25485"}],"curies":[{"name":"wp","href":"https:\/\/api.w.org\/{rel}","templated":true}]}}