{"id":25493,"date":"2022-04-04T10:53:16","date_gmt":"2022-04-04T15:53:16","guid":{"rendered":"https:\/\/encuentroinformativo.com.mx\/?p=25493"},"modified":"2022-04-04T10:53:19","modified_gmt":"2022-04-04T15:53:19","slug":"docentes-exigen-cambios-en-centros-de-trabajo","status":"publish","type":"post","link":"https:\/\/encuentroinformativo.com.mx\/?p=25493","title":{"rendered":"Docentes exigen cambios en centros de trabajo"},"content":{"rendered":"\n<p><strong>Juan Arcos<\/strong><\/p>\n\n\n\n<p>Xalapa, Ver.- Un peque\u00f1o grupo de docentes protest\u00f3 afuera de las oficinas centrales de la Secretar\u00eda de Educaci\u00f3n de Veracruz (SEV) para exigir que se lleven a cabo cambios en centros de trabajo, mismos que est\u00e1n pendientes desde el ciclo escolar pasado.<\/p>\n\n\n\n<p>Los profesores convocaron a una protesta en las instalaciones de la dependencia estatal, ubicada sobre la carretera federal Xalapa-Veracruz, a la altura de la colonia Sahop.<\/p>\n\n\n\n<p>Sin embargo, fueron pocos catedr\u00e1ticos que se sumaron a la movilizaci\u00f3n pac\u00edfica programada para este lunes 4 de abril, a las ocho de la ma\u00f1ana.<\/p>\n\n\n\n<p>Luis Alfonso Mart\u00ednez Gonz\u00e1lez, uno de lo docentes, sostuvo una cartulina con el mensaje: \u201cexigimos la realizaci\u00f3n de los movimientos de personal pendientes desde el ciclo pasado\u201d.<\/p>\n\n\n\n<p>El entrevistado indic\u00f3 que iniciaron el proceso de cambios de adscripci\u00f3n desde julio del a\u00f1o pasado y hasta el momento no han obtenido una respuesta favorable.<\/p>\n\n\n\n<p>Adem\u00e1s, mencion\u00f3 que este a\u00f1o ya fue publicada la nueva convocatoria y temen quedarse sin el cambio correspondiente.<\/p>\n\n\n\n<p>\u201cEstamos realmente cansados porque el proceso es desde julio del a\u00f1o pasado y en este a\u00f1o ya est\u00e1 corriendo la nueva convocatoria y nosotros ya corremos riesgo de no poder movernos por falta de los cambios en la Secretar\u00eda\u201d, expres\u00f3.<\/p>\n\n\n\n<p>Los profesores exigieron una audiencia con la directora general de Educaci\u00f3n Primaria Federalizada, Ana Laura Garc\u00eda Calvillo, para que se realicen los cambios de centro de trabajo por promoci\u00f3n vertical, proceso de cambios, proceso de permutas, motivos de seguridad y motivo de enfermedad.<\/p>\n\n\n\n<p>Cabe mencionar que los inconformes fueron atendidos por autoridades educativas, para llegar a un posible acuerdo.<\/p>\n","protected":false},"excerpt":{"rendered":"<p>Juan Arcos Xalapa, Ver.- Un peque\u00f1o grupo de docentes protest\u00f3 afuera de las oficinas centrales de la Secretar\u00eda de Educaci\u00f3n de Veracruz (SEV) para exigir que se lleven a cabo cambios en centros de trabajo, mismos que est\u00e1n pendientes desde el ciclo escolar pasado. Los profesores convocaron a una protesta en las instalaciones de la [&hellip;]<\/p>\n","protected":false},"author":1,"featured_media":25492,"comment_status":"open","ping_status":"open","sticky":false,"template":"","format":"standard","meta":{"_jetpack_memberships_contains_paid_content":false,"footnotes":""},"categories":[3],"tags":[],"class_list":["post-25493","post","type-post","status-publish","format-standard","has-post-thumbnail","hentry","category-xalapa"],"jetpack_featured_media_url":"https:\/\/encuentroinformativo.com.mx\/wp-content\/uploads\/2022\/04\/BBFCBB41-BC3A-4745-AB8C-29F36F8CB55E.jpeg","jetpack_sharing_enabled":true,"jetpack_likes_enabled":true,"amp_enabled":true,"_links":{"self":[{"href":"https:\/\/encuentroinformativo.com.mx\/index.php?rest_route=\/wp\/v2\/posts\/25493","targetHints":{"allow":["GET"]}}],"collection":[{"href":"https:\/\/encuentroinformativo.com.mx\/index.php?rest_route=\/wp\/v2\/posts"}],"about":[{"href":"https:\/\/encuentroinformativo.com.mx\/index.php?rest_route=\/wp\/v2\/types\/post"}],"author":[{"embeddable":true,"href":"https:\/\/encuentroinformativo.com.mx\/index.php?rest_route=\/wp\/v2\/users\/1"}],"replies":[{"embeddable":true,"href":"https:\/\/encuentroinformativo.com.mx\/index.php?rest_route=%2Fwp%2Fv2%2Fcomments&post=25493"}],"version-history":[{"count":1,"href":"https:\/\/encuentroinformativo.com.mx\/index.php?rest_route=\/wp\/v2\/posts\/25493\/revisions"}],"predecessor-version":[{"id":25494,"href":"https:\/\/encuentroinformativo.com.mx\/index.php?rest_route=\/wp\/v2\/posts\/25493\/revisions\/25494"}],"wp:featuredmedia":[{"embeddable":true,"href":"https:\/\/encuentroinformativo.com.mx\/index.php?rest_route=\/wp\/v2\/media\/25492"}],"wp:attachment":[{"href":"https:\/\/encuentroinformativo.com.mx\/index.php?rest_route=%2Fwp%2Fv2%2Fmedia&parent=25493"}],"wp:term":[{"taxonomy":"category","embeddable":true,"href":"https:\/\/encuentroinformativo.com.mx\/index.php?rest_route=%2Fwp%2Fv2%2Fcategories&post=25493"},{"taxonomy":"post_tag","embeddable":true,"href":"https:\/\/encuentroinformativo.com.mx\/index.php?rest_route=%2Fwp%2Fv2%2Ftags&post=25493"}],"curies":[{"name":"wp","href":"https:\/\/api.w.org\/{rel}","templated":true}]}}