{"id":25495,"date":"2022-04-04T11:42:35","date_gmt":"2022-04-04T16:42:35","guid":{"rendered":"https:\/\/encuentroinformativo.com.mx\/?p=25495"},"modified":"2022-04-04T11:42:39","modified_gmt":"2022-04-04T16:42:39","slug":"prestadores-de-servicios-promueven-xico-en-la-capital","status":"publish","type":"post","link":"https:\/\/encuentroinformativo.com.mx\/?p=25495","title":{"rendered":"Prestadores de servicios promueven \u201cXico en la capital\u201d"},"content":{"rendered":"\n<p><strong>Dar\u00edo Pale<\/strong><\/p>\n\n\n\n<p>Xalapa, Ver.- Diferentes prestadores de servicios invitaron a la ciudadan\u00eda para que asistan a la exposici\u00f3n que realizar\u00e1n en los bajos de Palacio de Gobierno para poder reactivar la econom\u00eda de ese municipio ya que se vieron afectados por la pandemia.<\/p>\n\n\n\n<p>En conferencia de prensa el se\u00f1or Fortino Cort\u00e9s coordinador general del evento denominado como orgullo veracruzano<strong> &#8220;Xico en la Capital&#8221;<\/strong>, donde despu\u00e9s de dialogar con el secretario de gobierno Eric Cisneros los invit\u00f3 a que colocaran una exposici\u00f3n en los pasillos de palacio de gobierno.<\/p>\n\n\n\n<p>Para la exposici\u00f3n van a traer lo m\u00e1s representativo del municipio donde participar\u00e1 el sector hotelero, gastron\u00f3mico, moles, tamales, entre otros productos que se realizan en Xico al igual que muchos artesanos, los cuales estar\u00e1n los d\u00edas 5 y 6 del presente mes de 10 de la ma\u00f1ana a 9 de la noche.<\/p>\n\n\n\n<p>Finalmente se\u00f1al\u00f3 que van a estar presente los mayordomos de Santa Mar\u00eda Magdalena, para dar a conocer en qu\u00e9 consiste ser un &#8220;Mayordomo&#8221;, de la virgen en la parroquia de Xico y asistir\u00e1n 67 participantes en total.<\/p>\n","protected":false},"excerpt":{"rendered":"<p>Dar\u00edo Pale Xalapa, Ver.- Diferentes prestadores de servicios invitaron a la ciudadan\u00eda para que asistan a la exposici\u00f3n que realizar\u00e1n en los bajos de Palacio de Gobierno para poder reactivar la econom\u00eda de ese municipio ya que se vieron afectados por la pandemia. En conferencia de prensa el se\u00f1or Fortino Cort\u00e9s coordinador general del evento [&hellip;]<\/p>\n","protected":false},"author":1,"featured_media":25496,"comment_status":"open","ping_status":"open","sticky":false,"template":"","format":"standard","meta":{"_jetpack_memberships_contains_paid_content":false,"footnotes":""},"categories":[8],"tags":[],"class_list":["post-25495","post","type-post","status-publish","format-standard","has-post-thumbnail","hentry","category-region"],"jetpack_featured_media_url":"https:\/\/encuentroinformativo.com.mx\/wp-content\/uploads\/2022\/04\/9A59E96A-152B-4A3A-8443-6DB68655FBB0.jpeg","jetpack_sharing_enabled":true,"jetpack_likes_enabled":true,"amp_enabled":true,"_links":{"self":[{"href":"https:\/\/encuentroinformativo.com.mx\/index.php?rest_route=\/wp\/v2\/posts\/25495","targetHints":{"allow":["GET"]}}],"collection":[{"href":"https:\/\/encuentroinformativo.com.mx\/index.php?rest_route=\/wp\/v2\/posts"}],"about":[{"href":"https:\/\/encuentroinformativo.com.mx\/index.php?rest_route=\/wp\/v2\/types\/post"}],"author":[{"embeddable":true,"href":"https:\/\/encuentroinformativo.com.mx\/index.php?rest_route=\/wp\/v2\/users\/1"}],"replies":[{"embeddable":true,"href":"https:\/\/encuentroinformativo.com.mx\/index.php?rest_route=%2Fwp%2Fv2%2Fcomments&post=25495"}],"version-history":[{"count":1,"href":"https:\/\/encuentroinformativo.com.mx\/index.php?rest_route=\/wp\/v2\/posts\/25495\/revisions"}],"predecessor-version":[{"id":25497,"href":"https:\/\/encuentroinformativo.com.mx\/index.php?rest_route=\/wp\/v2\/posts\/25495\/revisions\/25497"}],"wp:featuredmedia":[{"embeddable":true,"href":"https:\/\/encuentroinformativo.com.mx\/index.php?rest_route=\/wp\/v2\/media\/25496"}],"wp:attachment":[{"href":"https:\/\/encuentroinformativo.com.mx\/index.php?rest_route=%2Fwp%2Fv2%2Fmedia&parent=25495"}],"wp:term":[{"taxonomy":"category","embeddable":true,"href":"https:\/\/encuentroinformativo.com.mx\/index.php?rest_route=%2Fwp%2Fv2%2Fcategories&post=25495"},{"taxonomy":"post_tag","embeddable":true,"href":"https:\/\/encuentroinformativo.com.mx\/index.php?rest_route=%2Fwp%2Fv2%2Ftags&post=25495"}],"curies":[{"name":"wp","href":"https:\/\/api.w.org\/{rel}","templated":true}]}}