{"id":255,"date":"2020-03-01T12:58:38","date_gmt":"2020-03-01T18:58:38","guid":{"rendered":"https:\/\/encuentroinformativodotcomdotmx.wordpress.com\/2020\/03\/01\/se-retienen-300-migrantes-diarios-de-paso-por-veracruz\/"},"modified":"2020-03-01T12:58:38","modified_gmt":"2020-03-01T18:58:38","slug":"se-retienen-300-migrantes-diarios-de-paso-por-veracruz","status":"publish","type":"post","link":"https:\/\/encuentroinformativo.com.mx\/?p=255","title":{"rendered":"Se retienen 300 migrantes diarios de paso por Veracruz"},"content":{"rendered":"\n<figure class=\"wp-block-image size-large\"><img loading=\"lazy\" decoding=\"async\" width=\"1512\" height=\"2016\" src=\"https:\/\/encuentroinformativo.com.mx\/wp-content\/uploads\/2020\/03\/img_8186.jpg?w=768\" alt=\"\" class=\"wp-image-254\" srcset=\"https:\/\/encuentroinformativo.com.mx\/wp-content\/uploads\/2020\/03\/img_8186.jpg 1512w, https:\/\/encuentroinformativo.com.mx\/wp-content\/uploads\/2020\/03\/img_8186-225x300.jpg 225w, https:\/\/encuentroinformativo.com.mx\/wp-content\/uploads\/2020\/03\/img_8186-768x1024.jpg 768w, https:\/\/encuentroinformativo.com.mx\/wp-content\/uploads\/2020\/03\/img_8186-1152x1536.jpg 1152w, https:\/\/encuentroinformativo.com.mx\/wp-content\/uploads\/2020\/03\/img_8186-1200x1600.jpg 1200w\" sizes=\"auto, (max-width: 1512px) 100vw, 1512px\" \/><\/figure>\n\n\n\n<p>Juan Arcos <\/p>\n\n\n\n<p>Xalapa, Ver.- Hasta 300 migrantes centroamericanos son retenidos al d\u00eda en el estado de Veracruz por el Instituto Nacional de Migraci\u00f3n.<\/p>\n\n\n\n<p>De acuerdo con el director general de Atenci\u00f3n a Migrantes de Veracruz, Carlos Enrique Escalante Igual, la cifra es muy variable, pues en un d\u00eda tambi\u00e9n han sido retenidos 150 o 200 indocumentados.<br \/>A su juicio, el paso de migrantes ha disminuido de manera considerable en Veracruz.<\/p>\n\n\n\n<p>El a\u00f1o pasado, la estaci\u00f3n migratoria, ubicada en el municipio de Acayucan, present\u00f3 un sobrecupo al recibir a 2 mil centroamericanos en un solo d\u00eda.<\/p>\n\n\n\n<p>\u201cEra una cantidad impresionante de migrantes, que estaban en la estaci\u00f3n. En este momento, afortunadamente, la estaci\u00f3n migratoria, aparentemente ya est\u00e1 trabajando con mayor normalidad, nosotros estamos haciendo nuestras revisiones c\u00f3mo nos compete por parte del gobierno del estado. Hay que recordar que ese es un asunto de car\u00e1cter federal y nosotros solamente somos observadores del cumplimiento de la ley\u201d.<\/p>\n\n\n\n<p>Por otra parte, indic\u00f3 que alrededor de 10 mil migrantes viven en el estado de Veracruz.<\/p>\n\n\n\n<p>Por ello, la Direcci\u00f3n General de Atenci\u00f3n a Migrantes inicia este 1\u00ba de marzo un programa de regularizaci\u00f3n.<\/p>\n\n\n\n<p>\u201cVamos a ser coadyuvantes del Instituto Nacional de Migraci\u00f3n para poder regularizar a tanto migrante que ya tiene derecho a regularizarse\u201d.<\/p>\n\n\n\n<p>Los requisitos para regularizarse son: vivir en uni\u00f3n libre con alguna mexicana o mexicano, que se haya casado y el matrimonio sea real, que tenga hijos nacidos en territorio nacional, que sea v\u00edctima de delito y que sean adultos mayores.<\/p>\n\n\n\n<p><\/p>\n","protected":false},"excerpt":{"rendered":"<p>Juan Arcos Xalapa, Ver.- Hasta 300 migrantes centroamericanos son retenidos al d\u00eda en el estado de Veracruz por el Instituto Nacional de Migraci\u00f3n. De acuerdo con el director general de Atenci\u00f3n a Migrantes de Veracruz, Carlos Enrique Escalante Igual, la cifra es muy variable, pues en un d\u00eda tambi\u00e9n han sido retenidos 150 o 200 [&hellip;]<\/p>\n","protected":false},"author":1,"featured_media":254,"comment_status":"open","ping_status":"open","sticky":false,"template":"","format":"standard","meta":{"_jetpack_memberships_contains_paid_content":false,"footnotes":""},"categories":[2],"tags":[],"class_list":["post-255","post","type-post","status-publish","format-standard","has-post-thumbnail","hentry","category-estado"],"jetpack_featured_media_url":"https:\/\/encuentroinformativo.com.mx\/wp-content\/uploads\/2020\/03\/img_8186.jpg","jetpack_sharing_enabled":true,"jetpack_likes_enabled":true,"amp_enabled":true,"_links":{"self":[{"href":"https:\/\/encuentroinformativo.com.mx\/index.php?rest_route=\/wp\/v2\/posts\/255","targetHints":{"allow":["GET"]}}],"collection":[{"href":"https:\/\/encuentroinformativo.com.mx\/index.php?rest_route=\/wp\/v2\/posts"}],"about":[{"href":"https:\/\/encuentroinformativo.com.mx\/index.php?rest_route=\/wp\/v2\/types\/post"}],"author":[{"embeddable":true,"href":"https:\/\/encuentroinformativo.com.mx\/index.php?rest_route=\/wp\/v2\/users\/1"}],"replies":[{"embeddable":true,"href":"https:\/\/encuentroinformativo.com.mx\/index.php?rest_route=%2Fwp%2Fv2%2Fcomments&post=255"}],"version-history":[{"count":0,"href":"https:\/\/encuentroinformativo.com.mx\/index.php?rest_route=\/wp\/v2\/posts\/255\/revisions"}],"wp:featuredmedia":[{"embeddable":true,"href":"https:\/\/encuentroinformativo.com.mx\/index.php?rest_route=\/wp\/v2\/media\/254"}],"wp:attachment":[{"href":"https:\/\/encuentroinformativo.com.mx\/index.php?rest_route=%2Fwp%2Fv2%2Fmedia&parent=255"}],"wp:term":[{"taxonomy":"category","embeddable":true,"href":"https:\/\/encuentroinformativo.com.mx\/index.php?rest_route=%2Fwp%2Fv2%2Fcategories&post=255"},{"taxonomy":"post_tag","embeddable":true,"href":"https:\/\/encuentroinformativo.com.mx\/index.php?rest_route=%2Fwp%2Fv2%2Ftags&post=255"}],"curies":[{"name":"wp","href":"https:\/\/api.w.org\/{rel}","templated":true}]}}