{"id":2550,"date":"2020-05-14T17:12:28","date_gmt":"2020-05-14T22:12:28","guid":{"rendered":"https:\/\/encuentroinformativo.com\/?p=2550"},"modified":"2020-05-14T17:12:30","modified_gmt":"2020-05-14T22:12:30","slug":"encinas-buscara-dirigencia-de-morena-en-veracruz","status":"publish","type":"post","link":"https:\/\/encuentroinformativo.com.mx\/?p=2550","title":{"rendered":"Encinas buscar\u00e1 dirigencia de Morena en Veracruz"},"content":{"rendered":"\n<p><strong>Dar\u00edo Pale <\/strong><\/p>\n\n\n\n<p>Xalapa, Ver.- Ernesto Encinas acept\u00f3 participar en la contienda interna por la dirigencia estatal que dej\u00f3 vacante Manuel Huerta y a la fecha no ha aclarado el destino de 250 millones de pesos que \u00e9ste instituto pol\u00edtico ha recibido, esto tras una invitaci\u00f3n de diversos sectores al interior de Morena en Veracruz.<\/p>\n\n\n\n<p>Entrevistado durante una gira por el distrito de Perote, dijo que su propuesta es de un proyecto integral pol\u00edtico, en donde se ha conseguido a las mejores mujeres y hombres que pudieran participar en las elecciones del 2021, para seguir fortaleciendo el proyecto, adem\u00e1s de fortalecer las estructuras dentro de cada uno de sus municipios.<\/p>\n\n\n\n<p>Esto principalmente porque hay gente muy valiosa en cada uno de ellos y que ser\u00eda muy prematuro mencionarlos debido a que los ataques est\u00e1n a la orden del d\u00eda y lo m\u00e1s lamentable que es por la misma militancia de Morena.<\/p>\n\n\n\n<p>Ernesto Encinas destac\u00f3 que desafortunadamente el alargar los tiempo de la elecci\u00f3n de la dirigencia nacional y estatal, \u00a0no ha permitido formar los cuadros y las bases de est\u00e9 instituto pol\u00edtico, el cual carecce de estructura y que los dem\u00e1s partidos quieren aprovechar, pero eso no quiere decir que se caresca de gente comprometida en el proyecto de Morena.<\/p>\n\n\n\n<p>Morena no est\u00e1 vencido ni derrotado, lo que se busca es limpiar el proceso interno de selecci\u00f3n de la dirigencia estatal, para que esto llegue a buen t\u00e9rmino y no importa el ser electo o no, lo que importa es fortaceler el partido a lo largo y ancho de Veracruz.<\/p>\n\n\n\n<p>El aspirante a la dirigencia estatal se\u00f1al\u00f3 que est\u00e9 instituto pol\u00edtico en el estado no cuenta con una estructura s\u00f3lida que garantice la permanencia de Morena en la escenario pol\u00edtico a lo largo y ancho del estado.<\/p>\n\n\n\n<p>Adem\u00e1s de una falta de \u00e9tica de los otros tres aspirantes y una serie de inconvenientes al interior del partido, debido a que est\u00e9 se inici\u00f3 con una frase muy importante de Andr\u00e9s Manuel L\u00f3pez Obrador que reza &#8220;No Robar, No Mentir y No Traicionar al pueblo&#8221;, la cual no se ha cumplido al interior de Morena.<\/p>\n\n\n\n<p>Por lo que aseguro que espera verse en el debate con los otros aspirantes y ver qui\u00e9n tiene un verdadero proyecto para Morena y que no sean proyectos personales o la b\u00fasqueda de un esca\u00f1o pol\u00edtico.<\/p>\n\n\n\n<p>Destac\u00f3 que de obtener el nombramiento como dirigente estatal, tomar las riendas de Morena en el mes de agosto y a partir de ah\u00ed se inician los trabajos de integraci\u00f3n de toda la estructura y la elecci\u00f3n de quienes representar\u00e1n a sus municipios y distritos en el pr\u00f3ximo proceso electoral.<\/p>\n\n\n\n<p>Finalmente al ser cuestionado sobre la gestiones de Manuel Huerta al frente de este instituto politico, Ernesto Encinas, se\u00f1al\u00f3 que lo primero que tiene que hacer es aclarar el destino de mas de 250 millones de pesos que han llegado al comit\u00e9 estatal y que a pesar de no estar en la dirigencia, sigue manejando los recursos partidistas a pesar de ocupar un cargo en el gobierno federal, por lo que ya fue solicitada una auditor\u00eda para saber el destino de estos recursos.<\/p>\n\n\n\n<p><\/p>\n\n\n\n<p><\/p>\n","protected":false},"excerpt":{"rendered":"<p>Dar\u00edo Pale Xalapa, Ver.- Ernesto Encinas acept\u00f3 participar en la contienda interna por la dirigencia estatal que dej\u00f3 vacante Manuel Huerta y a la fecha no ha aclarado el destino de 250 millones de pesos que \u00e9ste instituto pol\u00edtico ha recibido, esto tras una invitaci\u00f3n de diversos sectores al interior de Morena en Veracruz. Entrevistado [&hellip;]<\/p>\n","protected":false},"author":1,"featured_media":2551,"comment_status":"open","ping_status":"open","sticky":false,"template":"","format":"standard","meta":{"_jetpack_memberships_contains_paid_content":false,"footnotes":""},"categories":[2],"tags":[],"class_list":["post-2550","post","type-post","status-publish","format-standard","has-post-thumbnail","hentry","category-estado"],"jetpack_featured_media_url":"https:\/\/encuentroinformativo.com.mx\/wp-content\/uploads\/2020\/05\/CF97FDAC-CA45-4144-B90D-108D526D11A9.jpeg","jetpack_sharing_enabled":true,"jetpack_likes_enabled":true,"amp_enabled":true,"_links":{"self":[{"href":"https:\/\/encuentroinformativo.com.mx\/index.php?rest_route=\/wp\/v2\/posts\/2550","targetHints":{"allow":["GET"]}}],"collection":[{"href":"https:\/\/encuentroinformativo.com.mx\/index.php?rest_route=\/wp\/v2\/posts"}],"about":[{"href":"https:\/\/encuentroinformativo.com.mx\/index.php?rest_route=\/wp\/v2\/types\/post"}],"author":[{"embeddable":true,"href":"https:\/\/encuentroinformativo.com.mx\/index.php?rest_route=\/wp\/v2\/users\/1"}],"replies":[{"embeddable":true,"href":"https:\/\/encuentroinformativo.com.mx\/index.php?rest_route=%2Fwp%2Fv2%2Fcomments&post=2550"}],"version-history":[{"count":1,"href":"https:\/\/encuentroinformativo.com.mx\/index.php?rest_route=\/wp\/v2\/posts\/2550\/revisions"}],"predecessor-version":[{"id":2552,"href":"https:\/\/encuentroinformativo.com.mx\/index.php?rest_route=\/wp\/v2\/posts\/2550\/revisions\/2552"}],"wp:featuredmedia":[{"embeddable":true,"href":"https:\/\/encuentroinformativo.com.mx\/index.php?rest_route=\/wp\/v2\/media\/2551"}],"wp:attachment":[{"href":"https:\/\/encuentroinformativo.com.mx\/index.php?rest_route=%2Fwp%2Fv2%2Fmedia&parent=2550"}],"wp:term":[{"taxonomy":"category","embeddable":true,"href":"https:\/\/encuentroinformativo.com.mx\/index.php?rest_route=%2Fwp%2Fv2%2Fcategories&post=2550"},{"taxonomy":"post_tag","embeddable":true,"href":"https:\/\/encuentroinformativo.com.mx\/index.php?rest_route=%2Fwp%2Fv2%2Ftags&post=2550"}],"curies":[{"name":"wp","href":"https:\/\/api.w.org\/{rel}","templated":true}]}}