{"id":25516,"date":"2022-04-04T14:38:41","date_gmt":"2022-04-04T19:38:41","guid":{"rendered":"https:\/\/encuentroinformativo.com.mx\/?p=25516"},"modified":"2022-04-04T14:38:45","modified_gmt":"2022-04-04T19:38:45","slug":"desestima-gobernador-trabajo-de-ine-en-consulta-de-revocacion","status":"publish","type":"post","link":"https:\/\/encuentroinformativo.com.mx\/?p=25516","title":{"rendered":"Desestima Gobernador trabajo de INE en consulta de Revocaci\u00f3n"},"content":{"rendered":"\n<p><strong>Dar\u00edo Pale<\/strong><\/p>\n\n\n\n<p>Xalapa, Ver.- El titular del Instituto Nacional Electoral (INE) Lorenzo C\u00f3rdoba tergiversa la consulta sobre revocaci\u00f3n de mandato, as\u00ed lo dio a conocer el Gobernador del estado, Cuitl\u00e1huac Garc\u00eda Jim\u00e9nez.<\/p>\n\n\n\n<p>En conferencia de prensa se\u00f1al\u00f3 que, \u201cest\u00e1 tergiversando algunas cosas y vacun\u00e1ndose porque quienes impidieron que se instalaran todas las casillas fueron ellos\u201d.<\/p>\n\n\n\n<p>Dio a conocer que en esta ocasi\u00f3n el INE cont\u00f3 con el doble de presupuesto para llevar a cabo este proceso democr\u00e1tico, incluso fue casi el doble de lo que se utiliz\u00f3 en la consulta del juicio a expresidentes, sin embargo, mencion\u00f3 que son menos casillas las que se tienen preparadas.<\/p>\n\n\n\n<p>\u201cC\u00f3mo se espera captar m\u00e1s votaci\u00f3n con menos casillas, es il\u00f3gico, pero deja entrever la intenci\u00f3n de un instituto\u201d, se\u00f1al\u00f3.<\/p>\n\n\n\n<p>Se\u00f1al\u00f3 que algunos funcionarios, sin decir nombres, ponen barreras para que se realice de forma imparcial este ejercicio, lo cual asegur\u00f3 es falso, \u201cEs falso, no me consta y no me siento aludido\u201d.<\/p>\n\n\n\n<p>El mandatario coment\u00f3 que se le debe exigir al INE que haga p\u00fablica la revocaci\u00f3n de mandato, y de a conocer donde est\u00e1n las casillas.<\/p>\n\n\n\n<p>\u201cQue se vea el esfuerzo por promover la consulta y no poner barreras. Cuando hacemos referencia hacia el tema inmediatamente nos mandan medidas cautelares, no debemos hablar que el 10 de abril va haber un ejercicio democr\u00e1tico de revocaci\u00f3n de mandato\u201d, coment\u00f3.<\/p>\n\n\n\n<p>En otro orden de ideas en lo que se refiere a la concentraci\u00f3n del s\u00e1bado pasado, Cuitl\u00e1huac Garc\u00eda, afirm\u00f3 que la gente deseaba salir a las calles para demostrar el apoyo hacia Andr\u00e9s Manuel L\u00f3pez Obrador, presidente de la rep\u00fablica.<\/p>\n\n\n\n<p>Dej\u00f3 en claro que no se oblig\u00f3 a nadie para que asistiera a la concentraci\u00f3n que reuni\u00f3 a cientos de ciudadanos la cual fue convocada por la asociaci\u00f3n civil &#8220;Que Siga la Democracia&#8221; y no por el Gobierno Estatal.\u00a0<br>Dio a conocer que fue invitado a participar, negando en todo momento que se haya movilizado al palacio gubernamental para mostrar el apoyo al presidente de la rep\u00fablica.<\/p>\n\n\n\n<p>Finalmente el gobernador incluso habl\u00f3 de que en Xalapa se dieron eventos a favor y en contra de Andr\u00e9s Manuel, mostrado as\u00ed que es un pa\u00eds de libertades, sin embargo enfatiz\u00f3 que ser\u00e1 el Instituto Nacional Electoral quienes decidan si sancionan o no por promover el voto a favor para el d\u00eda de la consulta ciudadana.\u00a0<\/p>\n","protected":false},"excerpt":{"rendered":"<p>Dar\u00edo Pale Xalapa, Ver.- El titular del Instituto Nacional Electoral (INE) Lorenzo C\u00f3rdoba tergiversa la consulta sobre revocaci\u00f3n de mandato, as\u00ed lo dio a conocer el Gobernador del estado, Cuitl\u00e1huac Garc\u00eda Jim\u00e9nez. En conferencia de prensa se\u00f1al\u00f3 que, \u201cest\u00e1 tergiversando algunas cosas y vacun\u00e1ndose porque quienes impidieron que se instalaran todas las casillas fueron ellos\u201d. [&hellip;]<\/p>\n","protected":false},"author":1,"featured_media":25517,"comment_status":"open","ping_status":"open","sticky":false,"template":"","format":"standard","meta":{"_jetpack_memberships_contains_paid_content":false,"footnotes":""},"categories":[2],"tags":[],"class_list":["post-25516","post","type-post","status-publish","format-standard","has-post-thumbnail","hentry","category-estado"],"jetpack_featured_media_url":"https:\/\/encuentroinformativo.com.mx\/wp-content\/uploads\/2022\/04\/1E8D5E16-F9F2-4113-ABCB-E383F9D821AB.jpeg","jetpack_sharing_enabled":true,"jetpack_likes_enabled":true,"amp_enabled":true,"_links":{"self":[{"href":"https:\/\/encuentroinformativo.com.mx\/index.php?rest_route=\/wp\/v2\/posts\/25516","targetHints":{"allow":["GET"]}}],"collection":[{"href":"https:\/\/encuentroinformativo.com.mx\/index.php?rest_route=\/wp\/v2\/posts"}],"about":[{"href":"https:\/\/encuentroinformativo.com.mx\/index.php?rest_route=\/wp\/v2\/types\/post"}],"author":[{"embeddable":true,"href":"https:\/\/encuentroinformativo.com.mx\/index.php?rest_route=\/wp\/v2\/users\/1"}],"replies":[{"embeddable":true,"href":"https:\/\/encuentroinformativo.com.mx\/index.php?rest_route=%2Fwp%2Fv2%2Fcomments&post=25516"}],"version-history":[{"count":1,"href":"https:\/\/encuentroinformativo.com.mx\/index.php?rest_route=\/wp\/v2\/posts\/25516\/revisions"}],"predecessor-version":[{"id":25518,"href":"https:\/\/encuentroinformativo.com.mx\/index.php?rest_route=\/wp\/v2\/posts\/25516\/revisions\/25518"}],"wp:featuredmedia":[{"embeddable":true,"href":"https:\/\/encuentroinformativo.com.mx\/index.php?rest_route=\/wp\/v2\/media\/25517"}],"wp:attachment":[{"href":"https:\/\/encuentroinformativo.com.mx\/index.php?rest_route=%2Fwp%2Fv2%2Fmedia&parent=25516"}],"wp:term":[{"taxonomy":"category","embeddable":true,"href":"https:\/\/encuentroinformativo.com.mx\/index.php?rest_route=%2Fwp%2Fv2%2Fcategories&post=25516"},{"taxonomy":"post_tag","embeddable":true,"href":"https:\/\/encuentroinformativo.com.mx\/index.php?rest_route=%2Fwp%2Fv2%2Ftags&post=25516"}],"curies":[{"name":"wp","href":"https:\/\/api.w.org\/{rel}","templated":true}]}}