{"id":25535,"date":"2022-04-05T09:30:23","date_gmt":"2022-04-05T14:30:23","guid":{"rendered":"https:\/\/encuentroinformativo.com.mx\/?p=25535"},"modified":"2022-04-05T09:30:28","modified_gmt":"2022-04-05T14:30:28","slug":"tabasco-en-veracruz","status":"publish","type":"post","link":"https:\/\/encuentroinformativo.com.mx\/?p=25535","title":{"rendered":"Tabasco en Veracruz"},"content":{"rendered":"\n<p><strong>Los Pol\u00edticos<\/strong><\/p>\n\n\n\n<p><strong>Salvador Mu\u00f1oz<\/strong><\/p>\n\n\n\n<p>Tabasco sin duda ha de repercutir en Veracruz\u2026 bueno, quiz\u00e1s no tanto en lo general, pero s\u00ed en lo particular, especialmente en quienes participan en la vida pol\u00edtica de Morena.<\/p>\n\n\n\n<p>Por un lado, est\u00e1 Roc\u00edo Nahle y su desempe\u00f1o en la secretar\u00eda de Energ\u00eda. Por otro lado, Ad\u00e1n Augusto L\u00f3pez Hern\u00e1ndez y su nuevo desempe\u00f1o como promotor de la Revocaci\u00f3n de Mandato.<\/p>\n\n\n\n<p>\u00bfY c\u00f3mo repercute pues el desempe\u00f1o de estos animales pol\u00edticos en el escenario moreno veracruzano? Muy simple:<\/p>\n\n\n\n<p>El presidente anunci\u00f3 que en el 2022 iba a inaugurar dos de las magnas obras que tiene comprometidas en su Gobierno: El aeropuerto internacional Felipe \u00c1ngeles as\u00ed como la refiner\u00eda de Dos Bocas.<\/p>\n\n\n\n<p>Al momento, ya cumpli\u00f3 en parte con la primera obra, es decir, \u201chaiga sido como haiga sido\u201d, cort\u00f3 el list\u00f3n del AIFA\u2026 lo inaugur\u00f3 pues\u2026 y tras una semana de estar envuelto en las cr\u00edticas a favor o en contra, ni quien se acuerde de \u00e9l\u2026<\/p>\n\n\n\n<p>Es para el dos de julio que se tiene contemplada la inauguraci\u00f3n de Dos Bocas, que de acuerdo a lo expresado por la misma Nahle Garc\u00eda, hasta finales de marzo se llevaba un 87 por ciento de avance, por lo que tiene casi tres meses para concluirlo.<\/p>\n\n\n\n<p>El columnista de El Universal Mario Maldonado \u201ctiene otros datos\u201d: Asegura que la obra apenas si alcanza el 50 por ciento de avance.<\/p>\n\n\n\n<p>Sabemos que el 2 de julio el presidente inaugurar\u00e1 la refiner\u00eda con el corte de list\u00f3n est\u00e9 como est\u00e9 \u00a1y listo! Es seguro tambi\u00e9n que el tres de julio de este a\u00f1o seguiremos sin tener autosuficiencia en la producci\u00f3n de gasolina y diesel pero vayamos con tiento: la prioridad es tener lista la refiner\u00eda, lo dem\u00e1s, se ver\u00e1 una vez que est\u00e9 trabajando como maquinita de reloj Dos Bocas\u2026 es decir, un a\u00f1o de gracia\u2026<\/p>\n\n\n\n<p>El asunto no es tanto que llegue el dos de julio y corte el list\u00f3n AMLO y le d\u00e9 sus palmaditas a Roc\u00edo Nahle, no\u2026 se trata de saber c\u00f3mo es que se elev\u00f3 el costo del proyecto.<\/p>\n\n\n\n<p>De acuerdo con Bloomberg, se estima que su construcci\u00f3n cueste alrededor de 12 mil 500 millones de d\u00f3lares, lo que eleva el calculado que el director de Pemex ten\u00eda hace apenas unos 16 meses: 8 mil 900 millones de d\u00f3lares.<\/p>\n\n\n\n<p>El columnista de El Universal Mario Maldonado tiene otros datos: Asegura que se elev\u00f3 hasta los 14 mil mdd.<\/p>\n\n\n\n<p>A simple vista, cualquiera de las dos cifras no parece mucho (pero s\u00ed lo es) y es suficiente para poner en tela de duda tanto a Roc\u00edo Nahle como al mismo presidente. S\u00ed, lo s\u00e9\u2026 est\u00e1n las auditor\u00edas, las contralor\u00edas pero tambi\u00e9n las alcahueter\u00edas bajo la misma cantaleta: \u201cNo somos iguales\u201d&#8230;<\/p>\n\n\n\n<p>No obstante ello, hacen mella estas dudas en el desempe\u00f1o de Nahle y en su futuro pol\u00edtico inmediato m\u00e1s cuando la carrera por la gubernatura ya est\u00e1 emparejada\u2026<\/p>\n\n\n\n<p>El otro caso, el del secretario de Gobernaci\u00f3n, Ad\u00e1n Augusto L\u00f3pez Hern\u00e1ndez, repercute desde dos escenarios:<\/p>\n\n\n\n<p>El primero, cuando aparece como promotor de la Revocaci\u00f3n de Mandato y declarando con la Reforma Electoral de AMLO, la extinci\u00f3n del INE como hoy lo conocemos.<\/p>\n\n\n\n<p>El segundo, con la ceguera de AMLO para \u201caceguerar\u201d (o asegurar, si quieren) que a su secretario de Gobernaci\u00f3n, el encargado de la vida pol\u00edtica de todo el pa\u00eds, no lo vio como un merolico pol\u00edtico, lo que de inmediato expone que el 2 del pa\u00eds cuenta con esa alcahueter\u00eda de la que l\u00edneas arriba habl\u00e1bamos y a la vez, vara alta para ponerse entre los candidateables a la presidencia este 2024, con mucho a su favor: cercano al presidente; su familia, cercan\u00edsima al presidente; afinidad tabasque\u00f1a; y es evidente que entiende la misma pol\u00edtica que ejerce el presidente\u2026<\/p>\n\n\n\n<p>\u00bfY c\u00f3mo repercute su inclusi\u00f3n entre los aspirantes al 2024? Muy sencillo: Cuitl\u00e1huac estar\u00eda jugando en el bando equivocado\u2026<\/p>\n\n\n\n<p>Conste, hablo de lo inmediato\u2026 esta cosa pol\u00edtica cambia a cada momento\u2026 un buen term\u00f3metro ser\u00e1 el dos de julio y lo que se hable del sobrecosto de Dos Bocas y de qu\u00e9 tanto deje de desempe\u00f1ar su papel como secretario de Gobernaci\u00f3n Ad\u00e1n\u2026<\/p>\n\n\n\n<p><a href=\"mailto:smcainito@gmail.com\" target=\"_blank\" rel=\"noreferrer noopener\">smcainito@gmail.com<\/a><\/p>\n","protected":false},"excerpt":{"rendered":"<p>Los Pol\u00edticos Salvador Mu\u00f1oz Tabasco sin duda ha de repercutir en Veracruz\u2026 bueno, quiz\u00e1s no tanto en lo general, pero s\u00ed en lo particular, especialmente en quienes participan en la vida pol\u00edtica de Morena. Por un lado, est\u00e1 Roc\u00edo Nahle y su desempe\u00f1o en la secretar\u00eda de Energ\u00eda. Por otro lado, Ad\u00e1n Augusto L\u00f3pez Hern\u00e1ndez [&hellip;]<\/p>\n","protected":false},"author":1,"featured_media":387,"comment_status":"open","ping_status":"open","sticky":false,"template":"","format":"standard","meta":{"_jetpack_memberships_contains_paid_content":false,"footnotes":""},"categories":[11],"tags":[],"class_list":["post-25535","post","type-post","status-publish","format-standard","has-post-thumbnail","hentry","category-opinion"],"jetpack_featured_media_url":"https:\/\/encuentroinformativo.com.mx\/wp-content\/uploads\/2020\/03\/7CF8A22B-2764-47BE-8F7F-38FE9E5D6A2F.jpeg","jetpack_sharing_enabled":true,"jetpack_likes_enabled":true,"amp_enabled":true,"_links":{"self":[{"href":"https:\/\/encuentroinformativo.com.mx\/index.php?rest_route=\/wp\/v2\/posts\/25535","targetHints":{"allow":["GET"]}}],"collection":[{"href":"https:\/\/encuentroinformativo.com.mx\/index.php?rest_route=\/wp\/v2\/posts"}],"about":[{"href":"https:\/\/encuentroinformativo.com.mx\/index.php?rest_route=\/wp\/v2\/types\/post"}],"author":[{"embeddable":true,"href":"https:\/\/encuentroinformativo.com.mx\/index.php?rest_route=\/wp\/v2\/users\/1"}],"replies":[{"embeddable":true,"href":"https:\/\/encuentroinformativo.com.mx\/index.php?rest_route=%2Fwp%2Fv2%2Fcomments&post=25535"}],"version-history":[{"count":1,"href":"https:\/\/encuentroinformativo.com.mx\/index.php?rest_route=\/wp\/v2\/posts\/25535\/revisions"}],"predecessor-version":[{"id":25536,"href":"https:\/\/encuentroinformativo.com.mx\/index.php?rest_route=\/wp\/v2\/posts\/25535\/revisions\/25536"}],"wp:featuredmedia":[{"embeddable":true,"href":"https:\/\/encuentroinformativo.com.mx\/index.php?rest_route=\/wp\/v2\/media\/387"}],"wp:attachment":[{"href":"https:\/\/encuentroinformativo.com.mx\/index.php?rest_route=%2Fwp%2Fv2%2Fmedia&parent=25535"}],"wp:term":[{"taxonomy":"category","embeddable":true,"href":"https:\/\/encuentroinformativo.com.mx\/index.php?rest_route=%2Fwp%2Fv2%2Fcategories&post=25535"},{"taxonomy":"post_tag","embeddable":true,"href":"https:\/\/encuentroinformativo.com.mx\/index.php?rest_route=%2Fwp%2Fv2%2Ftags&post=25535"}],"curies":[{"name":"wp","href":"https:\/\/api.w.org\/{rel}","templated":true}]}}