{"id":25537,"date":"2022-04-05T09:34:36","date_gmt":"2022-04-05T14:34:36","guid":{"rendered":"https:\/\/encuentroinformativo.com.mx\/?p=25537"},"modified":"2022-04-05T09:34:39","modified_gmt":"2022-04-05T14:34:39","slug":"convocan-a-celebrar-79-aniversario-de-fundacion-de-tiburones-rojos","status":"publish","type":"post","link":"https:\/\/encuentroinformativo.com.mx\/?p=25537","title":{"rendered":"Convocan a celebrar 79 aniversario de fundaci\u00f3n de Tiburones Rojos"},"content":{"rendered":"\n<p><strong>Alejandro \u00c1vila<\/strong><\/p>\n\n\n\n<p>Veracruz, Ver.- Los grupos de animaci\u00f3n que conforman &#8220;La Banda del Pirata&#8221; convocan a la afici\u00f3n de los Tiburones Rojos de Veracruz en todo el Estado, para celebrar el 79 aniversario de su fundaci\u00f3n este s\u00e1bado 9 de abril a las 19:30 horas.<\/p>\n\n\n\n<p>El punto de reuni\u00f3n ser\u00e1 sobre la avenida Jacarandas, justo donde acaban de pintar la barda y logotipos, donde acostumbraban reunirse previo a un partido de f\u00fatbol.<\/p>\n\n\n\n<p>Ah\u00ed, se\u00f1al\u00f3 Miguel G\u00f3mez &#8220;Toro&#8221;, integrante de Imperio Rojiazul, qu\u00e9 llevar\u00e1n todos los aditamentos qu\u00e9 sol\u00edan presentar en un partido de f\u00fatbol.<\/p>\n\n\n\n<p>&#8220;Llevaremos banderas, bengalas, bombos, papel picado y todo lo que se hac\u00eda en una previa, para celebrar el aniversario del equipo (\u2026) todo lo hacemos por convicci\u00f3n y por amor a nuestro equipo, queremos que no se olvide, nos dan por muertos, y con este color que vamos a hacer el d\u00eda 9, a ver si alg\u00fan empresario o gobierno nos voltea a ver y rescatan el estadio y al equipo, y regresan de nueva cuenta a las canchas a los Tiburones Rojos de Veracruz&#8221;, sentenci\u00f3.<\/p>\n\n\n\n<p>Ante las problem\u00e1ticas de la franquicia en la Federaci\u00f3n Mexicana de F\u00fatbol y el Tribunal de Arbitraje Internacional (TAS), los aficionados reconocen que ser\u00e1 complicado volver a utilizar el nombre de Tiburones Rojos -aunque ser\u00eda lo ideal-, pero si llegase a existir alg\u00fan cambio, esperan que sea alguna variante d\u00f3nde se conserve la misma identidad.<\/p>\n\n\n\n<p>&#8220;Con la llegada de un nuevo equipo que lleve el nombre de Tiburones Rojos de Veracruz o alguna variante de \u00e9l como, Club Deportivo Veracruz o Deportivo Veracruz, claro que s\u00ed lo apoyar\u00edamos, ya que nos sentimos identificados, y qu\u00e9 m\u00e1s si se hace una refundaci\u00f3n del club y as\u00ed no perdemos la identidad&#8221;, remat\u00f3.<\/p>\n","protected":false},"excerpt":{"rendered":"<p>Alejandro \u00c1vila Veracruz, Ver.- Los grupos de animaci\u00f3n que conforman &#8220;La Banda del Pirata&#8221; convocan a la afici\u00f3n de los Tiburones Rojos de Veracruz en todo el Estado, para celebrar el 79 aniversario de su fundaci\u00f3n este s\u00e1bado 9 de abril a las 19:30 horas. El punto de reuni\u00f3n ser\u00e1 sobre la avenida Jacarandas, justo [&hellip;]<\/p>\n","protected":false},"author":1,"featured_media":25538,"comment_status":"open","ping_status":"open","sticky":false,"template":"","format":"standard","meta":{"_jetpack_memberships_contains_paid_content":false,"footnotes":""},"categories":[2],"tags":[],"class_list":["post-25537","post","type-post","status-publish","format-standard","has-post-thumbnail","hentry","category-estado"],"jetpack_featured_media_url":"https:\/\/encuentroinformativo.com.mx\/wp-content\/uploads\/2022\/04\/DD8300C6-DA10-49DF-9229-3240D5C98FDE.jpeg","jetpack_sharing_enabled":true,"jetpack_likes_enabled":true,"amp_enabled":true,"_links":{"self":[{"href":"https:\/\/encuentroinformativo.com.mx\/index.php?rest_route=\/wp\/v2\/posts\/25537","targetHints":{"allow":["GET"]}}],"collection":[{"href":"https:\/\/encuentroinformativo.com.mx\/index.php?rest_route=\/wp\/v2\/posts"}],"about":[{"href":"https:\/\/encuentroinformativo.com.mx\/index.php?rest_route=\/wp\/v2\/types\/post"}],"author":[{"embeddable":true,"href":"https:\/\/encuentroinformativo.com.mx\/index.php?rest_route=\/wp\/v2\/users\/1"}],"replies":[{"embeddable":true,"href":"https:\/\/encuentroinformativo.com.mx\/index.php?rest_route=%2Fwp%2Fv2%2Fcomments&post=25537"}],"version-history":[{"count":1,"href":"https:\/\/encuentroinformativo.com.mx\/index.php?rest_route=\/wp\/v2\/posts\/25537\/revisions"}],"predecessor-version":[{"id":25539,"href":"https:\/\/encuentroinformativo.com.mx\/index.php?rest_route=\/wp\/v2\/posts\/25537\/revisions\/25539"}],"wp:featuredmedia":[{"embeddable":true,"href":"https:\/\/encuentroinformativo.com.mx\/index.php?rest_route=\/wp\/v2\/media\/25538"}],"wp:attachment":[{"href":"https:\/\/encuentroinformativo.com.mx\/index.php?rest_route=%2Fwp%2Fv2%2Fmedia&parent=25537"}],"wp:term":[{"taxonomy":"category","embeddable":true,"href":"https:\/\/encuentroinformativo.com.mx\/index.php?rest_route=%2Fwp%2Fv2%2Fcategories&post=25537"},{"taxonomy":"post_tag","embeddable":true,"href":"https:\/\/encuentroinformativo.com.mx\/index.php?rest_route=%2Fwp%2Fv2%2Ftags&post=25537"}],"curies":[{"name":"wp","href":"https:\/\/api.w.org\/{rel}","templated":true}]}}