{"id":25540,"date":"2022-04-05T09:40:19","date_gmt":"2022-04-05T14:40:19","guid":{"rendered":"https:\/\/encuentroinformativo.com.mx\/?p=25540"},"modified":"2022-04-05T09:40:22","modified_gmt":"2022-04-05T14:40:22","slug":"la-historia-de-carlos-a-carrillo-la-cenicienta-de-la-copa-veracruz","status":"publish","type":"post","link":"https:\/\/encuentroinformativo.com.mx\/?p=25540","title":{"rendered":"La historia de Carlos A. Carrillo &#8220;La Cenicienta&#8221; de la Copa Veracruz"},"content":{"rendered":"\n<p><strong>Alejandro \u00c1vila<\/strong><\/p>\n\n\n\n<p>Veracruz, Ver.- Carlos A. Carrillo es un peque\u00f1o municipio incrustado en la regi\u00f3n de Sotavento dentro de la Cuenca del Papaloapan.<\/p>\n\n\n\n<p>Seg\u00fan el censo del INEGI no sobrepasa los 25 mil habitantes y la mayor\u00eda de sus pobladores se dedican al cultivo de ca\u00f1a de az\u00facar.<\/p>\n\n\n\n<p>Como toda ciudad, los muchachos practican alg\u00fan deporte, m\u00e1s por diversi\u00f3n o recreaci\u00f3n, qu\u00e9 con intenci\u00f3n de profesionalizarse, ya que debido a sus carencias, sus esfuerzos se enfocan en la zafra y otras actividades desde temprana edad.<\/p>\n\n\n\n<p>A inicios de a\u00f1o lleg\u00f3 al Ayuntamiento la invitaci\u00f3n del Gobierno del Estado para participar en la Copa Veracruz, un torneo de b\u00e9isbol a nivel estatal; el director del deporte municipal y beisbolista profesional, H\u00e9ctor &#8220;La Vieja&#8221; Hern\u00e1ndez, lanz\u00f3 una convocatoria para conformar un cuadro aguerrido y que representar\u00e1 con honor a su municipio.<\/p>\n\n\n\n<p>Las expectativas eran pocas pero las ilusiones eran enormes, a las visor\u00edas llegaron chicos desde los 13 hasta los 23 a\u00f1os, qui\u00e9nes se hicieron un espacio dentro de sus trabajos como cortadores de ca\u00f1a, dise\u00f1adores de block o alba\u00f1iles, para lograr un lugar en el equipo representativo de su municipio.<\/p>\n\n\n\n<p>H\u00e9ctor Hern\u00e1ndez inici\u00f3 con el armado y el entrenamiento de la novena carrillense, semanas despu\u00e9s, fue llamado por los Rojos del \u00c1guila de Veracruz para reportar a su campamento y, tuvo que dejar a su padre al frente del equipo, no sin antes haberlos clasificado a las finales de la Copa Veracruz, tras haber superado la eliminatoria en Otatitl\u00e1n.<\/p>\n\n\n\n<p>&#8220;Tenemos un grupo sano, y como se los dije, antes que el campeonato, antes que el premio, yo quer\u00eda que se divirtieran, que disfrutar\u00e1n salir del pueblo, jugar con otros muchachos, sobre todo quer\u00eda que fueran a jugar a Veracruz, en un parque donde se juega profesional, en donde todo mundo de ni\u00f1o piensa jugar, porque yo tambi\u00e9n lo so\u00f1\u00e9 antes de ser profesional, yo s\u00e9 lo que est\u00e1n pasando ellos, y veo sus sonrisas, y veo sus perfiles en Facebook, lo emocinados que est\u00e1n&#8221;, dijo Hern\u00e1ndez.<\/p>\n\n\n\n<p>Llegar a las finales de Copa Veracruz no fue f\u00e1cil, tuvieran que jugar un selectivo en Otatitl\u00e1n, d\u00f3nde enfrentaron a Tierra Blanca, Tres Valles, Cuitl\u00e1huac, y La Mixtequilla (Ignacio de la Llave), este \u00faltimo cuadro era el favorito, pues contaba con peloteros prospectos de Liga Mexicana de Beisbol.<\/p>\n\n\n\n<p>&#8220;La Vieja&#8221; -como es conocido en el beisbol-, desde Monterrey, d\u00f3nde hace pretemporada con los Rojos del \u00c1guila de Veracruz, estuvo muy pendiente de sus muchachos todo el fin de semana, previo a cada encuentro les hac\u00eda videollamada y los motivaba a dar todo en el diamante.<\/p>\n\n\n\n<p>Carlos A. Carrillo logr\u00f3 el tercer puesto de la Copa Veracruz, pues aunque perdi\u00f3 el juego ante Hueyapan de Ocampo, estos fueron descalificados por alineaci\u00f3n indebida.<\/p>\n\n\n\n<p>H\u00e9ctor Hern\u00e1ndez asegur\u00f3 que este proyecto no ha terminado, y en conjunto con el alcalde, Onan Hern\u00e1ndez L\u00f3pez, mejoraran la infraestructura deportiva en el municipio para impulsar el deporte como nunca antes se ha hecho en la zona, pues han detectado talentos no solo en el b\u00e9isbol, sino en el f\u00fatbol, b\u00e1squetbol y atletismo.<\/p>\n","protected":false},"excerpt":{"rendered":"<p>Alejandro \u00c1vila Veracruz, Ver.- Carlos A. Carrillo es un peque\u00f1o municipio incrustado en la regi\u00f3n de Sotavento dentro de la Cuenca del Papaloapan. Seg\u00fan el censo del INEGI no sobrepasa los 25 mil habitantes y la mayor\u00eda de sus pobladores se dedican al cultivo de ca\u00f1a de az\u00facar. Como toda ciudad, los muchachos practican alg\u00fan [&hellip;]<\/p>\n","protected":false},"author":1,"featured_media":25541,"comment_status":"open","ping_status":"open","sticky":false,"template":"","format":"standard","meta":{"_jetpack_memberships_contains_paid_content":false,"footnotes":""},"categories":[2],"tags":[],"class_list":["post-25540","post","type-post","status-publish","format-standard","has-post-thumbnail","hentry","category-estado"],"jetpack_featured_media_url":"https:\/\/encuentroinformativo.com.mx\/wp-content\/uploads\/2022\/04\/0B10378E-3B45-47EA-99ED-6323D147F6DA.jpeg","jetpack_sharing_enabled":true,"jetpack_likes_enabled":true,"amp_enabled":true,"_links":{"self":[{"href":"https:\/\/encuentroinformativo.com.mx\/index.php?rest_route=\/wp\/v2\/posts\/25540","targetHints":{"allow":["GET"]}}],"collection":[{"href":"https:\/\/encuentroinformativo.com.mx\/index.php?rest_route=\/wp\/v2\/posts"}],"about":[{"href":"https:\/\/encuentroinformativo.com.mx\/index.php?rest_route=\/wp\/v2\/types\/post"}],"author":[{"embeddable":true,"href":"https:\/\/encuentroinformativo.com.mx\/index.php?rest_route=\/wp\/v2\/users\/1"}],"replies":[{"embeddable":true,"href":"https:\/\/encuentroinformativo.com.mx\/index.php?rest_route=%2Fwp%2Fv2%2Fcomments&post=25540"}],"version-history":[{"count":1,"href":"https:\/\/encuentroinformativo.com.mx\/index.php?rest_route=\/wp\/v2\/posts\/25540\/revisions"}],"predecessor-version":[{"id":25542,"href":"https:\/\/encuentroinformativo.com.mx\/index.php?rest_route=\/wp\/v2\/posts\/25540\/revisions\/25542"}],"wp:featuredmedia":[{"embeddable":true,"href":"https:\/\/encuentroinformativo.com.mx\/index.php?rest_route=\/wp\/v2\/media\/25541"}],"wp:attachment":[{"href":"https:\/\/encuentroinformativo.com.mx\/index.php?rest_route=%2Fwp%2Fv2%2Fmedia&parent=25540"}],"wp:term":[{"taxonomy":"category","embeddable":true,"href":"https:\/\/encuentroinformativo.com.mx\/index.php?rest_route=%2Fwp%2Fv2%2Fcategories&post=25540"},{"taxonomy":"post_tag","embeddable":true,"href":"https:\/\/encuentroinformativo.com.mx\/index.php?rest_route=%2Fwp%2Fv2%2Ftags&post=25540"}],"curies":[{"name":"wp","href":"https:\/\/api.w.org\/{rel}","templated":true}]}}