{"id":25543,"date":"2022-04-05T09:51:05","date_gmt":"2022-04-05T14:51:05","guid":{"rendered":"https:\/\/encuentroinformativo.com.mx\/?p=25543"},"modified":"2022-04-05T09:51:09","modified_gmt":"2022-04-05T14:51:09","slug":"los-grupos-de-marlon-y-lorena","status":"publish","type":"post","link":"https:\/\/encuentroinformativo.com.mx\/?p=25543","title":{"rendered":"LOS GRUPOS DE MARLON Y LORENA"},"content":{"rendered":"\n<p><strong>ColumnaSinNombre<br>@pablojair<\/strong><\/p>\n\n\n\n<ul class=\"wp-block-list\"><li>\u00bfLos Yunes del Estero ya pactaron con la 4T?<\/li><li>Ya va siendo tiempo de ponerle ojo a la fiscal.<\/li><li>Crecimiento al 2%, estima Lima Franco.<\/li><li>Qu\u00e9 bueno que no confundieron a Alem\u00e1n.<\/li><\/ul>\n\n\n\n<p>Antes ped\u00edan que renunciara;<br>ahora piden que se quede\u2026<br>\u00bfPos qui\u00e9n les entiende, fachos?<br>\u2014Chopenjawer<\/p>\n\n\n\n<p>Este fin de semana fue muy notorio que en el PRI de Veracruz hay fuertes diferencias entre los grupos de poder al interior.<\/p>\n\n\n\n<p>Ora s\u00ed que pareciera que se est\u00e1n dando catorrazos innecesarios, pero para el morbo de los que nos gusta la grilla est\u00e1 resultando verdaderamente exquisito.<\/p>\n\n\n\n<p>Y es que el tricolor, con estos \u201csombrerazos\u201d, por lo menos se est\u00e1n haciendo notar en serio en un tema que no deber\u00eda minimizarse, pues se trata del otrora todopoderoso partido que debe estar pasando por momentos serios de reflexi\u00f3n y planificaci\u00f3n con rumbo al 2024.<\/p>\n\n\n\n<p>Quien lanz\u00f3 la piedra que hizo ruido el fin de semana fue el diputado federal Pepe Yunes, exsenador y fallido aspirante a la gubernatura, criticando los malos resultados que tuvo el tricolor en las pasadas elecciones extraordinarias y pidiendo que se revise a la dirigencia estatal encabezada por Marlon Ram\u00edrez Mar\u00edn.<\/p>\n\n\n\n<p>Esto vali\u00f3 un revire por parte de Joel Arcos Rold\u00e1n, secretario de Alianzas y Desarrollo Pol\u00edtico del Comit\u00e9 Directivo Estatal del Revolucionario Institucional, quien arremeti\u00f3 contra su paisano perote\u00f1o: \u201cCoincido con el an\u00e1lisis que plantea el Dip.@Pepe_Yunes, sobre los logros de @Marlon_RamirezM en @PRIVeracruz_, iniciando por haber obtenido la misma votaci\u00f3n que cuando \u00e9l fue candidato a gobernador, sin los 5 mil mdp que reparti\u00f3 en el estado como senador. Sin contar con lo que le aport\u00f3 el candidato presidencial desde la #Secretar\u00eda de Hacienda y #Sedesol, cuando \u00e9l fungi\u00f3 como presidente de la CHCP (sic) del Senado. Por cierto, tampoco logr\u00f3 ganar ninguno de los municipios de la extraordinaria de la que hoy pide cuentas\u201d.<\/p>\n\n\n\n<p>Lo anterior fue interpretado como una especie de respuesta semi-oficial que enardeci\u00f3 a los cr\u00edticos de Marlon Ram\u00edrez, aunque \u00e9ste se ha mantenido al margen de contestar directamente, sin engancharse con declaraciones.<\/p>\n\n\n\n<p>Pero de su lado tambi\u00e9n han salido otros personajes para defender al actual presidente del PRI, como ocurri\u00f3 este lunes con el famoso Roberto \u00c1lvarez Salgado, conocido militante y exfuncionario de gobierno en diversas ramas, adem\u00e1s de exdiputado.<\/p>\n\n\n\n<p>\u00c1lvarez Salgado expres\u00f3: \u201cLo digo con toda la certeza, Marlon ha recorrido m\u00e1s kil\u00f3metros que muchos dirigentes del partido, y lo s\u00e9, porque estoy cerca de \u00e9l\u201d.<\/p>\n\n\n\n<p>Lo que s\u00ed se puede ver son dos claros grupos enfrentados: uno encabezado por Marlon Ram\u00edrez y otro por la diputada federal Lorena Pi\u00f1on, al que ahora pertenece Pepe Yunes.<\/p>\n\n\n\n<p>Como dec\u00edamos p\u00e1rrafos antes, los de Marlon se han mantenido mesurados y callados, entendiendo que las declaraciones pudieron haber sido sacadas de contexto.<\/p>\n\n\n\n<p>No obstante, Lorena \u2014como cabeza de grupo\u2014 habl\u00f3 sobre que le era indefendible el trabajo del Comit\u00e9 Directivo Estatal, pero lo que no dice la legisladora es que ese mismo trabajo fue el que le permiti\u00f3 llegar a ella como diputada federal plurinominal aport\u00e1ndole a esta circunscripci\u00f3n m\u00e1s de 400 mil votos.<\/p>\n\n\n\n<p>A las declaraciones de Lorena se sumaron las de PepeYu, quien secund\u00f3 hablando de que se deb\u00edan rendir cuentas (tal vez el menos reprochable porque gan\u00f3 por tierra, aunque sin la alianza que el mismo Marlon construy\u00f3 en el estado tampoco le habr\u00eda sido posible). A esto tambi\u00e9n habr\u00eda que sumarle que a PepeYu le quitaron del camino al candidato de Morena m\u00e1s competitivo en la carrera por la diputaci\u00f3n federal de Coatepec y esto \u2014se comenta\u2014 fue como un pago de favor para el partido lopezobradorista recibiera m\u00e1s votos en las elecciones estatales de 2018.<\/p>\n\n\n\n<p>Pero eso no es todo: ya desde hace tiempo se comenta que PepeYu ten\u00eda una cercan\u00eda con Morena al haber recomendado para su filas a Ricardo Ahued Bardahuil, hoy alcalde de Xalapa. La jefa de grupo, Lorena Pi\u00f1\u00f3n \u2014mientras tanto\u2014 tiene sendas reuniones con actores claves de Morena, como el presidente de la Junta de Coordinaci\u00f3n Pol\u00edtica, Juan Javier G\u00f3mez Cazar\u00edn.<\/p>\n\n\n\n<p>En fin, lo que menos le beneficia al PRI es dividirse o que lo dividan en dos grupos mientras Morena se consolida.<\/p>\n\n\n\n<p>La verdad, al PRI lo poco que le conviene ahorita es pelearse. Se entiende que la falta de un jefe pol\u00edtico como un presidente o gobernador les est\u00e9 causando mella y se sientan como como perritos sin due\u00f1o, evidenciando no s\u00f3lo estas guerras intestinas, sino que han roto con esa disciplina tan famosa que ten\u00edan para cerrar filas y lavar la ropa sucia en casa.<\/p>\n\n\n\n<p>Hay que decirlo: un PRI dividido en Veracruz s\u00f3lo termina por depreciarlo m\u00e1s.<\/p>\n\n\n\n<p>Y la verdad \u00bfera necesario ventilar los conflictos? Uno pensar\u00eda que los l\u00edderes se reunir\u00edan para analizar y debatir, pero al final uno pensar\u00eda que s\u00f3lo estar\u00edan buscando sacar raja pol\u00edtica del resquebrajado PRI.<\/p>\n\n\n\n<p>Y es que hay que recordar que la debacle tricolor tuvo nombres y apellidos recientes que s\u00f3lo mal administraron al partido que finalmente terminaron llevando al tricolor al lugar a donde est\u00e1.<\/p>\n\n\n\n<p>En pocas palabras: deber\u00edan haber una reflexi\u00f3n interna para ver qui\u00e9nes han conducido al PRI y lo tienen en la actual posici\u00f3n disminuida en la que est\u00e1 ahora. Esos son los que verdaderamente tienen qu\u00e9 rendir cuentas.<\/p>\n\n\n\n<p>NOTA PARA PEGAR EN EL REFRI: En algunos c\u00edrculos pol\u00edticos corre ya muy fuerte la versi\u00f3n de que los Yunes del Estero ya negociaron con la 4T; que ya hubo un pacto donde estos no atacar\u00e1n al actual r\u00e9gimen (al menos no de frente) y haciendo la finta de permanecer todav\u00eda cr\u00edticos a trav\u00e9s de sus alfiles y aliados, como la protesta \u00f1o\u00f1a con Legos. No por nada, comentan, las recientes apariciones de &#8220;Miguel Chiquito&#8221; disfrazado de bombero o el pap\u00e1 &#8211;visiblemente envejecido&#8211; y Fernandito Perrier en una carrera que se realiz\u00f3 en el puerto\u2026 Lo anterior es cosa de ver c\u00f3mo han permanecido escondidos, agazapados, pero tranquilos y tropicales porque al final de cuentas los negocios al amparo del poder marchan bien (por ejemplo, la Torre Centro no tardan en inaugurarla), el Gobierno del Estado se acerca a la alcaldesa de Veracruz para temas relevantes como el asunto del Carnaval y todo en perfecta armon\u00eda, como si nada\u2026 No le sorprenda si en una de esas resulta que ni delitos tendr\u00edan qu\u00e9 investigarles.<\/p>\n\n\n\n<p><strong>OTRA NOTA: <\/strong>Que en Coatepec ya le volvieron a \u201cponer el dedo\u201d a una fiscal de nombre Astrid Guadalupe Galicia Reyes, que en pasados d\u00edas fue se\u00f1alada en un medio nacional por no dar avance a carpetas de investigaci\u00f3n, pero adem\u00e1s porque este lunes se dio a conocer que estar\u00eda presuntamente coludida en un caso de la entrega de un menor. Lo anterior fue dado a conocer ante los medios por parte de la se\u00f1ora Gloria Mart\u00ednez Mortera, quien expuso que la fiscal habr\u00eda actuado de manera parcial para entregar la custodia de su hijo sin notificar a ella como madre del menor, y sin tampoco que exista un documento legal que funde y motive el acto. Por lo anterior, ya hay una denuncia sobre la funcionaria por presuntos actos de corrupci\u00f3n, y dicen en Coatepec que nom\u00e1s es cosa de irle a hacer una auditor\u00eda para comenzar a escarbarle y rascarle m\u00e1s a su \u201ctrabajo\u201d.<\/p>\n\n\n\n<p><strong>OTRA NOTA EXTRA: <\/strong>El coordinador de la Comisi\u00f3n Permanente de Funcionarios Fiscales, Jos\u00e9 Luis Lima Franco, est\u00e1 previendo que habr\u00e1 un importante cambio en el estimado de crecimiento econ\u00f3mico para este a\u00f1o, medido a trav\u00e9s del Producto Interno Bruto (PIB), estim\u00e1ndose por parte de dicha comisi\u00f3n en un 2%. No obstante, este mismo lunes se dio a conocer que el Gobierno de M\u00e9xico, en precriterios presupuestales difundidos por la Secretar\u00eda de Hacienda, establece un 3.4%, cuando anteriormente la hab\u00eda estimado en 4.1%\u2026 Ya se ver\u00e1 qui\u00e9n tuvo la raz\u00f3n e hizo el mejor c\u00e1lculo.<\/p>\n\n\n\n<p><strong>LA \u00daLTIMA PORQUE YA CASI TERMINO EL MASTER CHIEF COLLECTION:<\/strong> Con eso de que andan despistados los cuerpos de seguridad y ya hasta comandos de malandros andan rescatando a delincuentes de los hospitales a donde se meten como Pedro por su casa, dicen que este fin de semana les tuvieron que poner a los polis estatales y ministeriales un memor\u00e1ndum con foto para especificar que no fueran a arrestar a Alem\u00e1n, el rapero que vino a Veracruz, porque capaz lo confund\u00edan con Alem\u00e1n el exgobernador y exdue\u00f1o de Interjet que anda de pelada\u2026 \u00bfSer\u00e1?<\/p>\n","protected":false},"excerpt":{"rendered":"<p>ColumnaSinNombre@pablojair \u00bfLos Yunes del Estero ya pactaron con la 4T? Ya va siendo tiempo de ponerle ojo a la fiscal. Crecimiento al 2%, estima Lima Franco. Qu\u00e9 bueno que no confundieron a Alem\u00e1n. Antes ped\u00edan que renunciara;ahora piden que se quede\u2026\u00bfPos qui\u00e9n les entiende, fachos?\u2014Chopenjawer Este fin de semana fue muy notorio que en el [&hellip;]<\/p>\n","protected":false},"author":1,"featured_media":488,"comment_status":"open","ping_status":"open","sticky":false,"template":"","format":"standard","meta":{"_jetpack_memberships_contains_paid_content":false,"footnotes":""},"categories":[11],"tags":[],"class_list":["post-25543","post","type-post","status-publish","format-standard","has-post-thumbnail","hentry","category-opinion"],"jetpack_featured_media_url":"https:\/\/encuentroinformativo.com.mx\/wp-content\/uploads\/2020\/03\/F471F608-BA1A-416B-BA7B-BCFB24F4E6D0.jpeg","jetpack_sharing_enabled":true,"jetpack_likes_enabled":true,"amp_enabled":true,"_links":{"self":[{"href":"https:\/\/encuentroinformativo.com.mx\/index.php?rest_route=\/wp\/v2\/posts\/25543","targetHints":{"allow":["GET"]}}],"collection":[{"href":"https:\/\/encuentroinformativo.com.mx\/index.php?rest_route=\/wp\/v2\/posts"}],"about":[{"href":"https:\/\/encuentroinformativo.com.mx\/index.php?rest_route=\/wp\/v2\/types\/post"}],"author":[{"embeddable":true,"href":"https:\/\/encuentroinformativo.com.mx\/index.php?rest_route=\/wp\/v2\/users\/1"}],"replies":[{"embeddable":true,"href":"https:\/\/encuentroinformativo.com.mx\/index.php?rest_route=%2Fwp%2Fv2%2Fcomments&post=25543"}],"version-history":[{"count":1,"href":"https:\/\/encuentroinformativo.com.mx\/index.php?rest_route=\/wp\/v2\/posts\/25543\/revisions"}],"predecessor-version":[{"id":25544,"href":"https:\/\/encuentroinformativo.com.mx\/index.php?rest_route=\/wp\/v2\/posts\/25543\/revisions\/25544"}],"wp:featuredmedia":[{"embeddable":true,"href":"https:\/\/encuentroinformativo.com.mx\/index.php?rest_route=\/wp\/v2\/media\/488"}],"wp:attachment":[{"href":"https:\/\/encuentroinformativo.com.mx\/index.php?rest_route=%2Fwp%2Fv2%2Fmedia&parent=25543"}],"wp:term":[{"taxonomy":"category","embeddable":true,"href":"https:\/\/encuentroinformativo.com.mx\/index.php?rest_route=%2Fwp%2Fv2%2Fcategories&post=25543"},{"taxonomy":"post_tag","embeddable":true,"href":"https:\/\/encuentroinformativo.com.mx\/index.php?rest_route=%2Fwp%2Fv2%2Ftags&post=25543"}],"curies":[{"name":"wp","href":"https:\/\/api.w.org\/{rel}","templated":true}]}}