{"id":25545,"date":"2022-04-05T09:53:00","date_gmt":"2022-04-05T14:53:00","guid":{"rendered":"https:\/\/encuentroinformativo.com.mx\/?p=25545"},"modified":"2022-04-05T09:53:03","modified_gmt":"2022-04-05T14:53:03","slug":"anton-lizardo-tendra-guardavidas-en-semana-santa","status":"publish","type":"post","link":"https:\/\/encuentroinformativo.com.mx\/?p=25545","title":{"rendered":"Ant\u00f3n Lizardo tendr\u00e1 guardavidas en Semana Santa"},"content":{"rendered":"\n<p><strong>Alejandro \u00c1vila<\/strong><\/p>\n\n\n\n<p>Alvarado, Ver.- El guardavidas, Juan Ignacio Hern\u00e1ndez L\u00f3pez, revel\u00f3 que ya hubo un acercamiento formal con la alcaldesa Lizzette \u00c1lvarez Vera, con qui\u00e9n llegaron al acuerdo para iniciar un proyecto de rescatistas en las playas de Anton Lizardo, pertenecientes al municipio de Alvarado.<\/p>\n\n\n\n<p>Hay que recordar que este grupo de guardavidas hab\u00eda renunciado a su trabajo en el municipio de Veracruz para trabajar en las playas de Ant\u00f3n Lizardo, debido a que est\u00e1s carec\u00edan de rescatistas y se presentaban varias muertes por ahogamiento; su trabajo no ten\u00eda un sueldo fijo y viv\u00edan de las propinas de los visitantes y el alimento qu\u00e9 les proporcionaban los palaperos de la zona.<\/p>\n\n\n\n<p>&#8220;Hace unos d\u00edas tuvimos una reuni\u00f3n con alcaldesa de Alvarado, la cual nos menciona que no ten\u00eda conocimiento de nuestra participaci\u00f3n en playas, y por el entendido que se me hizo, al parecer nos va a tomar en cuenta en el operativo de Semana Santa, y posteriormente ya nos sentar\u00edamos a platicar, a ver si se nos hace parte de la n\u00f3mina de Protecci\u00f3n Civil de Alvarado&#8221;.<\/p>\n\n\n\n<p>&#8220;S\u00ed, somos seis elementos que estamos cuidando solamente a la playa de Ant\u00f3n Lizardo, y de ser posible y si se nos requiere, puedo llegar a 10 elementos para cubrir tambi\u00e9n Mata de Uva&#8221;, relat\u00f3.<\/p>\n\n\n\n<p>La presencia de este grupo de guardavidas se dio pasada la primer semana de diciembre del 2020, d\u00edas despu\u00e9s del deceso de tres menores de edad oriundos de Tlaxcala por ahogamiento, en las playas de Ant\u00f3n Lizardo.<\/p>\n\n\n\n<p>Durante el 2021 buscaron el apoyo del ex alcalde Bogar Ruiz Rosas en Alvarado, pero este nunca les abri\u00f3 las puertas para dialogar, y tuvieron que emigrar a la playa de Chachalacas en el municipio de \u00darsulo Galv\u00e1n.<\/p>\n\n\n\n<p>Ah\u00ed tambi\u00e9n trabajaron un tiempo como voluntarios, y fueron apoyados con propinas por los turistas; sin embargo, al llegar el invierno tuvieron que emigrar, pues tampoco recibieron el apoyo de las autoridades municipales y las m\u00ednimas visitas de personas no les permit\u00edan obtener recursos para subsistir.<\/p>\n","protected":false},"excerpt":{"rendered":"<p>Alejandro \u00c1vila Alvarado, Ver.- El guardavidas, Juan Ignacio Hern\u00e1ndez L\u00f3pez, revel\u00f3 que ya hubo un acercamiento formal con la alcaldesa Lizzette \u00c1lvarez Vera, con qui\u00e9n llegaron al acuerdo para iniciar un proyecto de rescatistas en las playas de Anton Lizardo, pertenecientes al municipio de Alvarado. Hay que recordar que este grupo de guardavidas hab\u00eda renunciado [&hellip;]<\/p>\n","protected":false},"author":1,"featured_media":25546,"comment_status":"open","ping_status":"open","sticky":false,"template":"","format":"standard","meta":{"_jetpack_memberships_contains_paid_content":false,"footnotes":""},"categories":[2],"tags":[],"class_list":["post-25545","post","type-post","status-publish","format-standard","has-post-thumbnail","hentry","category-estado"],"jetpack_featured_media_url":"https:\/\/encuentroinformativo.com.mx\/wp-content\/uploads\/2022\/04\/2022F496-DAC8-409F-9690-7C6AD0DCEFF2.jpeg","jetpack_sharing_enabled":true,"jetpack_likes_enabled":true,"amp_enabled":true,"_links":{"self":[{"href":"https:\/\/encuentroinformativo.com.mx\/index.php?rest_route=\/wp\/v2\/posts\/25545","targetHints":{"allow":["GET"]}}],"collection":[{"href":"https:\/\/encuentroinformativo.com.mx\/index.php?rest_route=\/wp\/v2\/posts"}],"about":[{"href":"https:\/\/encuentroinformativo.com.mx\/index.php?rest_route=\/wp\/v2\/types\/post"}],"author":[{"embeddable":true,"href":"https:\/\/encuentroinformativo.com.mx\/index.php?rest_route=\/wp\/v2\/users\/1"}],"replies":[{"embeddable":true,"href":"https:\/\/encuentroinformativo.com.mx\/index.php?rest_route=%2Fwp%2Fv2%2Fcomments&post=25545"}],"version-history":[{"count":1,"href":"https:\/\/encuentroinformativo.com.mx\/index.php?rest_route=\/wp\/v2\/posts\/25545\/revisions"}],"predecessor-version":[{"id":25547,"href":"https:\/\/encuentroinformativo.com.mx\/index.php?rest_route=\/wp\/v2\/posts\/25545\/revisions\/25547"}],"wp:featuredmedia":[{"embeddable":true,"href":"https:\/\/encuentroinformativo.com.mx\/index.php?rest_route=\/wp\/v2\/media\/25546"}],"wp:attachment":[{"href":"https:\/\/encuentroinformativo.com.mx\/index.php?rest_route=%2Fwp%2Fv2%2Fmedia&parent=25545"}],"wp:term":[{"taxonomy":"category","embeddable":true,"href":"https:\/\/encuentroinformativo.com.mx\/index.php?rest_route=%2Fwp%2Fv2%2Fcategories&post=25545"},{"taxonomy":"post_tag","embeddable":true,"href":"https:\/\/encuentroinformativo.com.mx\/index.php?rest_route=%2Fwp%2Fv2%2Ftags&post=25545"}],"curies":[{"name":"wp","href":"https:\/\/api.w.org\/{rel}","templated":true}]}}