{"id":25548,"date":"2022-04-05T11:52:44","date_gmt":"2022-04-05T16:52:44","guid":{"rendered":"https:\/\/encuentroinformativo.com.mx\/?p=25548"},"modified":"2022-04-05T11:52:48","modified_gmt":"2022-04-05T16:52:48","slug":"reanudan-protesta-exigen-justicia-para-lupita","status":"publish","type":"post","link":"https:\/\/encuentroinformativo.com.mx\/?p=25548","title":{"rendered":"Reanudan protesta; exigen justicia para Lupita"},"content":{"rendered":"\n<p><strong>Juan Arcos <\/strong><\/p>\n\n\n\n<p>Coatepec, Ver.- Por segundo d\u00eda consecutivo, un grupo de personas protest\u00f3 afuera del penal de Pacho Viejo, municipio de Coatepec, para exigir justicia por el asesinato de la rectora de la Universidad Valladolid, Mar\u00eda Guadalupe Mart\u00ednez Aguilar.<\/p>\n\n\n\n<p>Se trata de profesores, alumnos y trabajadores administrativos de dicha instituci\u00f3n de educaci\u00f3n superior quienes pidieron que el crimen ocurrido el 29 de junio de 2020 sea esclarecido.<\/p>\n\n\n\n<p>Las personas mostraron lonas y pancartas con diversos mensajes como: \u201c667 d\u00edas sin Lupita, \u00a1c\u00e1rcel a los asesinos!\u201d y \u201cno estamos todas, nos falta Lupita\u201d.<\/p>\n\n\n\n<p>Los quejosos tambi\u00e9n lanzaron diversas consignas afuera de las salas de juicios orales que se encuentran en dicho reclusorio.<\/p>\n\n\n\n<p>\u201c\u00a1Ni una m\u00e1s, ni una m\u00e1s, ni una asesinada m\u00e1s!\u201d, gritaron varias veces en la entrada principal.<\/p>\n\n\n\n<p>De acuerdo con Elvis Roberto Aburto Aguilar, docente de la licenciatura en Ciencias de la Comunicaci\u00f3n, se pide un juicio \u201cjusto\u201d y que se proceda legalmente contra los responsables del homicidio.<\/p>\n\n\n\n<p>Guadalupe Mart\u00ednez fue asesinada a balazos al interior de su vivienda sobre la calle Rub\u00ed, a un costado de las instalaciones de dicha escuela particular, en el fraccionamiento Bugambilias, municipio de Emiliano Zapata, una zona conurbada con Xalapa.<\/p>\n\n\n\n<p>Los hermanos July Raquel y Alberto est\u00e1n presos en el penal de Pacho Viejo; sin embargo, sus familiares han protestado afuera del reclusorio mencionado, argumentando que son inocentes y que est\u00e1n fabric\u00e1ndoles delitos.<\/p>\n\n\n\n<p>La joven fue detenida en la alcald\u00eda de \u00c1lvaro Obreg\u00f3n, en la Ciudad de M\u00e9xico, el 6 de noviembre de 2020, y presuntamente fue v\u00edctima de tortura sexual por parte de polic\u00edas ministeriales cuando era trasladada al reclusorio de Coatepec.<\/p>\n\n\n\n<p>Los conocidos de la Rectora colocaron lonas sobre la carretera Xalapa-Coatepec con la exigencia de justicia en este caso y amagaron con manifestarse tambi\u00e9n en los pr\u00f3ximos d\u00edas con un mayor n\u00famero de personas afuera del penal de Pacho Viejo.<\/p>\n","protected":false},"excerpt":{"rendered":"<p>Juan Arcos Coatepec, Ver.- Por segundo d\u00eda consecutivo, un grupo de personas protest\u00f3 afuera del penal de Pacho Viejo, municipio de Coatepec, para exigir justicia por el asesinato de la rectora de la Universidad Valladolid, Mar\u00eda Guadalupe Mart\u00ednez Aguilar. Se trata de profesores, alumnos y trabajadores administrativos de dicha instituci\u00f3n de educaci\u00f3n superior quienes pidieron [&hellip;]<\/p>\n","protected":false},"author":1,"featured_media":25549,"comment_status":"open","ping_status":"open","sticky":false,"template":"","format":"standard","meta":{"_jetpack_memberships_contains_paid_content":false,"footnotes":""},"categories":[8],"tags":[],"class_list":["post-25548","post","type-post","status-publish","format-standard","has-post-thumbnail","hentry","category-region"],"jetpack_featured_media_url":"https:\/\/encuentroinformativo.com.mx\/wp-content\/uploads\/2022\/04\/AC9EDC23-F8BE-4B65-A270-EC0B6B3DBE5C.jpeg","jetpack_sharing_enabled":true,"jetpack_likes_enabled":true,"amp_enabled":true,"_links":{"self":[{"href":"https:\/\/encuentroinformativo.com.mx\/index.php?rest_route=\/wp\/v2\/posts\/25548","targetHints":{"allow":["GET"]}}],"collection":[{"href":"https:\/\/encuentroinformativo.com.mx\/index.php?rest_route=\/wp\/v2\/posts"}],"about":[{"href":"https:\/\/encuentroinformativo.com.mx\/index.php?rest_route=\/wp\/v2\/types\/post"}],"author":[{"embeddable":true,"href":"https:\/\/encuentroinformativo.com.mx\/index.php?rest_route=\/wp\/v2\/users\/1"}],"replies":[{"embeddable":true,"href":"https:\/\/encuentroinformativo.com.mx\/index.php?rest_route=%2Fwp%2Fv2%2Fcomments&post=25548"}],"version-history":[{"count":1,"href":"https:\/\/encuentroinformativo.com.mx\/index.php?rest_route=\/wp\/v2\/posts\/25548\/revisions"}],"predecessor-version":[{"id":25550,"href":"https:\/\/encuentroinformativo.com.mx\/index.php?rest_route=\/wp\/v2\/posts\/25548\/revisions\/25550"}],"wp:featuredmedia":[{"embeddable":true,"href":"https:\/\/encuentroinformativo.com.mx\/index.php?rest_route=\/wp\/v2\/media\/25549"}],"wp:attachment":[{"href":"https:\/\/encuentroinformativo.com.mx\/index.php?rest_route=%2Fwp%2Fv2%2Fmedia&parent=25548"}],"wp:term":[{"taxonomy":"category","embeddable":true,"href":"https:\/\/encuentroinformativo.com.mx\/index.php?rest_route=%2Fwp%2Fv2%2Fcategories&post=25548"},{"taxonomy":"post_tag","embeddable":true,"href":"https:\/\/encuentroinformativo.com.mx\/index.php?rest_route=%2Fwp%2Fv2%2Ftags&post=25548"}],"curies":[{"name":"wp","href":"https:\/\/api.w.org\/{rel}","templated":true}]}}