{"id":2555,"date":"2020-05-15T11:52:08","date_gmt":"2020-05-15T16:52:08","guid":{"rendered":"https:\/\/encuentroinformativo.com\/?p=2555"},"modified":"2020-05-15T11:52:12","modified_gmt":"2020-05-15T16:52:12","slug":"bancadas","status":"publish","type":"post","link":"https:\/\/encuentroinformativo.com.mx\/?p=2555","title":{"rendered":"Bancadas"},"content":{"rendered":"\n<p><strong>Los Pol\u00edticos<\/strong><\/p>\n\n\n\n<p><strong>Salvador Mu\u00f1oz<\/strong><\/p>\n\n\n\n<p>A como lo cont\u00f3 la diputada Andrea Yunes Yunes en un video, donde explica los motivos de su voto en la Reforma Electoral, todo indica que la fracci\u00f3n legislativa del PRI-PVEM, hasta este momento, se mantiene\u2026 falta ver si el presidente del PRI, Marlon Ram\u00edrez Mar\u00edn, aplica la misma vara a la Yunes que al suplente de Juan Carlos Molina cuando dice lo siguiente: El PRI no respaldar\u00e1 a quien se preste a apoyar una reforma ama\u00f1ada desde su origen \u201ccomo la aprobada, propuesta por Morena, y votada a favor por el diputado Garc\u00eda Reyes\u201d&#8230; es decir, si bien son partidos diferentes, en el Congreso, el Revolucionario Institucional y el Ecologista hacen una fracci\u00f3n mixta, que se supone, tiene un fin primario: conformar una fuerza, y luego, perseguir, apoyar y votar por fines comunes\u2026<\/p>\n\n\n\n<p>Pero si cada miembro de la bancada vota por su lado\u2026 \u00bfentonces? \u00bfpara qu\u00e9 unidos si ni uno ni el otro, se han de apoyar\u2026? Desde mi l\u00f3gica, no hay raz\u00f3n entonces para mantenerse juntos, si se trata de que al ser Fracci\u00f3n, se conforme una fuerza\u2026 m\u00e1s claro: votando a favor Andrea y Antonio, y votando en contra Erika Ayala y Jorge Moreno Salinas, la fracci\u00f3n est\u00e1 fraccionada\u2026 pierde su poder.<\/p>\n\n\n\n<p>Bueno, habr\u00e1 que ver qu\u00e9 ha de decidir el PRI de Veracruz en mando de Marlon Ram\u00edrez y la jefa de la bancada, Erika Ayala, en funci\u00f3n de \u201cla alianza\u201d que tienen con el PVEM\u2026<\/p>\n\n\n\n<p>Algo similar ocurri\u00f3 en la bancada del Movimiento Ciudadano y PRD cuando Alexis S\u00e1nchez Garc\u00eda, coordinador de \u00e9sta, vota a favor de la Reforma, mientras que Ivonne Trujillo Ortiz, lo hace en contra\u2026 \u00bfy Kristel? Dicen que todav\u00eda unos minutos antes, en la Sesi\u00f3n, el voto era en contra, y al final \u00a1se abstuvo!<\/p>\n\n\n\n<p>Va de nuez: se supone que una fracci\u00f3n demuestra su fuerza con la orientaci\u00f3n de su voto\u2026 si cada quien lo hace por su lado y m\u00e1s en las tres opciones que da el ejercicio legislativo (a favor, en contra, abstenci\u00f3n), \u00bfd\u00f3nde queda la bancada?<\/p>\n\n\n\n<p>Ac\u00e1 no hay tanta bronca\u2026 en el momento en que Movimiento Ciudadano va por la cabeza de Alexis y \u00e9ste ya anuncia su \u201cindependencia\u201d, se est\u00e1 deshaciendo la Bancada MC-PRD.<\/p>\n\n\n\n<p>De acuerdo a lo comentado por Rodrigo Garc\u00eda, por el momento, no se tiene contemplada una bancada mixta integrada por los otros dos Garc\u00eda (Alexis S\u00e1nchez Garc\u00eda y Antonio Garc\u00eda Reyes) \u00a1y ojo! porque en una de \u00e9sas, hasta se podr\u00eda unir un Gonzalo Gu\u00edzar Valladares (recuerden que le deshicieron la de El Lado Correcto de la Historia) \u00bfy por qu\u00e9 no Kristel? Digo, 5 son mejor que 3.<\/p>\n\n\n\n<p>Por otro lado, insisto, la CNC toc\u00f3 un punto interesante respecto al papel de Antonio Garc\u00eda Reyes: el diputado no representa los intereses ni de la Confederaci\u00f3n ni del PRI, dicho por ellos mismos. Entonces\u2026 \u00bfqu\u00e9 hace all\u00ed?<\/p>\n\n\n\n<p>Si bien llega a la curul por suplencia ante el fatal desenlace de Molina Palacios, la CNC ped\u00eda al PRI buscar la manera de llevar a otro pol\u00edtico que los represente\u2026 distinta suerte tienen Rodrigo Garc\u00eda y Alexis S\u00e1nchez, que si bien son impulsados por PAN y MC respectivamente, es al final el voto popular, los ciudadanos, la gente, quien les concede la curul y ser\u00e1 \u00e9sta la que se los quite si est\u00e1n en desacuerdo con el papel que desempe\u00f1aron como legisladores\u2026<\/p>\n\n\n\n<p>Mientras, en puerta, podr\u00edan desaparecer dos bancadas y si Rodrigo y compa\u00f1\u00eda se animan, a lo mejor hasta arman la segunda versi\u00f3n o la segunda temporada de Juntos por Veracruz\u2026 \u00bflo recuerdan? Fernando Kuri Kuri, El Gallo Bolo,&nbsp; Basilio Picazo P\u00e9rez, el mismo Rodrigo y ya en las \u00faltimas, se incorpor\u00f3 Sergio Rodr\u00edguez Cort\u00e9s\u2026 la mesa est\u00e1 puesta y as\u00ed es este juego\u2026<br><\/p>\n\n\n\n<p><a href=\"mailto:smcainito@gmail.com\" target=\"_blank\" rel=\"noreferrer noopener\">smcainito@gmail.com<\/a><\/p>\n\n\n\n<p><\/p>\n","protected":false},"excerpt":{"rendered":"<p>Los Pol\u00edticos Salvador Mu\u00f1oz A como lo cont\u00f3 la diputada Andrea Yunes Yunes en un video, donde explica los motivos de su voto en la Reforma Electoral, todo indica que la fracci\u00f3n legislativa del PRI-PVEM, hasta este momento, se mantiene\u2026 falta ver si el presidente del PRI, Marlon Ram\u00edrez Mar\u00edn, aplica la misma vara a [&hellip;]<\/p>\n","protected":false},"author":1,"featured_media":387,"comment_status":"open","ping_status":"open","sticky":false,"template":"","format":"standard","meta":{"_jetpack_memberships_contains_paid_content":false,"footnotes":""},"categories":[11],"tags":[],"class_list":["post-2555","post","type-post","status-publish","format-standard","has-post-thumbnail","hentry","category-opinion"],"jetpack_featured_media_url":"https:\/\/encuentroinformativo.com.mx\/wp-content\/uploads\/2020\/03\/7CF8A22B-2764-47BE-8F7F-38FE9E5D6A2F.jpeg","jetpack_sharing_enabled":true,"jetpack_likes_enabled":true,"amp_enabled":true,"_links":{"self":[{"href":"https:\/\/encuentroinformativo.com.mx\/index.php?rest_route=\/wp\/v2\/posts\/2555","targetHints":{"allow":["GET"]}}],"collection":[{"href":"https:\/\/encuentroinformativo.com.mx\/index.php?rest_route=\/wp\/v2\/posts"}],"about":[{"href":"https:\/\/encuentroinformativo.com.mx\/index.php?rest_route=\/wp\/v2\/types\/post"}],"author":[{"embeddable":true,"href":"https:\/\/encuentroinformativo.com.mx\/index.php?rest_route=\/wp\/v2\/users\/1"}],"replies":[{"embeddable":true,"href":"https:\/\/encuentroinformativo.com.mx\/index.php?rest_route=%2Fwp%2Fv2%2Fcomments&post=2555"}],"version-history":[{"count":1,"href":"https:\/\/encuentroinformativo.com.mx\/index.php?rest_route=\/wp\/v2\/posts\/2555\/revisions"}],"predecessor-version":[{"id":2556,"href":"https:\/\/encuentroinformativo.com.mx\/index.php?rest_route=\/wp\/v2\/posts\/2555\/revisions\/2556"}],"wp:featuredmedia":[{"embeddable":true,"href":"https:\/\/encuentroinformativo.com.mx\/index.php?rest_route=\/wp\/v2\/media\/387"}],"wp:attachment":[{"href":"https:\/\/encuentroinformativo.com.mx\/index.php?rest_route=%2Fwp%2Fv2%2Fmedia&parent=2555"}],"wp:term":[{"taxonomy":"category","embeddable":true,"href":"https:\/\/encuentroinformativo.com.mx\/index.php?rest_route=%2Fwp%2Fv2%2Fcategories&post=2555"},{"taxonomy":"post_tag","embeddable":true,"href":"https:\/\/encuentroinformativo.com.mx\/index.php?rest_route=%2Fwp%2Fv2%2Ftags&post=2555"}],"curies":[{"name":"wp","href":"https:\/\/api.w.org\/{rel}","templated":true}]}}