{"id":25560,"date":"2022-04-05T13:32:15","date_gmt":"2022-04-05T18:32:15","guid":{"rendered":"https:\/\/encuentroinformativo.com.mx\/?p=25560"},"modified":"2022-04-05T13:32:18","modified_gmt":"2022-04-05T18:32:18","slug":"padres-denuncian-casos-de-bullying-en-escuelas-de-coatepec","status":"publish","type":"post","link":"https:\/\/encuentroinformativo.com.mx\/?p=25560","title":{"rendered":"Padres denuncian casos de bullying en escuelas de Coatepec"},"content":{"rendered":"\n<p><strong>Juan Arcos<\/strong><\/p>\n\n\n\n<p>Xalapa, Ver.- Madres y padres de familia del Centro Educativo Integral, ubicado en la localidad El Grande, municipio de Coatepec, denunciaron casos de bullying o acoso escolar y omisiones por parte de las autoridades del plantel, pues se niegan a aplicar sanciones contra los responsables.<\/p>\n\n\n\n<p>La se\u00f1ora Michel Hern\u00e1ndez Cort\u00e9s acus\u00f3 que su hijo de nueve a\u00f1os ha sido v\u00edctima de agresiones f\u00edsicas y verbales desde hace varios meses por parte de algunos de sus compa\u00f1eros en dicha escuela particular.<\/p>\n\n\n\n<p>Por tal motivo, report\u00f3 dicha situaci\u00f3n a profesores y directivos de la escuela, pero ellos no procedieron contra los agresores.<\/p>\n\n\n\n<p>Mart\u00edn Pe\u00f1a Gil, quien se ostenta como director, tuvo conocimiento del caso y se le solicit\u00f3 una audiencia con los padres de los agresores para solucionar en problema.<\/p>\n\n\n\n<p>Sin embargo, se neg\u00f3 y hasta intent\u00f3 intimidar a la v\u00edctima para que no dijera nada a sus padres sobre lo ocurrido. Incluso, dijo que no pod\u00eda realizarse una reuni\u00f3n con los pap\u00e1s, usando como pretexto la pandemia por Sars-Cov2 (Covid-19).<\/p>\n\n\n\n<p>\u201cHace algunos meses mi hijo me dice que tres compa\u00f1eros lo agreden, con palabras primero, despu\u00e9s con empujones y se le notific\u00f3 al director, pero subieron las agresiones y se le pidi\u00f3 una reuni\u00f3n con padres para arreglar el problema. Pero el director no le dio seguimiento porque argument\u00f3 que no se pueden hacer reuniones por pandemia\u201d, expres\u00f3 la madre de familia.<\/p>\n\n\n\n<p>La mujer record\u00f3 que el pasado mi\u00e9rcoles 30 de marzo su hijo fue golpeado en el est\u00f3mago y le dejaron marcas en el rostro al ser agredido contra una reja.<\/p>\n\n\n\n<p>Por tal motivo, dio de baja a su hijo del plantel, de manera inmediata, al considerar que estaba en riesgo su integridad f\u00edsica.<\/p>\n\n\n\n<p>\u201cVen\u00eda callado y le veo las rayas de las rejas marcadas en la cara, y me dijo que estaba en el recreo y le pegaron, lo dejaron tirado y nadie atendi\u00f3 la situaci\u00f3n, las maestras no hicieron caso. Meses atr\u00e1s el maestro o director le dijo que no me dijera nada, que yo lo sobreproteg\u00eda y a me dijo que as\u00ed nunca se iba a hacer hombrecito y que yo exageraba\u201d, enfatiz\u00f3.<\/p>\n\n\n\n<p>Michel Hern\u00e1ndez acudi\u00f3 a la Secretar\u00eda de Educaci\u00f3n de Veracruz (SEV) en busca de una sanci\u00f3n contra dicho plantel educativo, del \u00e1mbito privado.<\/p>\n","protected":false},"excerpt":{"rendered":"<p>Juan Arcos Xalapa, Ver.- Madres y padres de familia del Centro Educativo Integral, ubicado en la localidad El Grande, municipio de Coatepec, denunciaron casos de bullying o acoso escolar y omisiones por parte de las autoridades del plantel, pues se niegan a aplicar sanciones contra los responsables. La se\u00f1ora Michel Hern\u00e1ndez Cort\u00e9s acus\u00f3 que su [&hellip;]<\/p>\n","protected":false},"author":1,"featured_media":25561,"comment_status":"open","ping_status":"open","sticky":false,"template":"","format":"standard","meta":{"_jetpack_memberships_contains_paid_content":false,"footnotes":""},"categories":[8],"tags":[],"class_list":["post-25560","post","type-post","status-publish","format-standard","has-post-thumbnail","hentry","category-region"],"jetpack_featured_media_url":"https:\/\/encuentroinformativo.com.mx\/wp-content\/uploads\/2022\/04\/657D7D50-21E4-4530-9B53-2E70F9555545.jpeg","jetpack_sharing_enabled":true,"jetpack_likes_enabled":true,"amp_enabled":true,"_links":{"self":[{"href":"https:\/\/encuentroinformativo.com.mx\/index.php?rest_route=\/wp\/v2\/posts\/25560","targetHints":{"allow":["GET"]}}],"collection":[{"href":"https:\/\/encuentroinformativo.com.mx\/index.php?rest_route=\/wp\/v2\/posts"}],"about":[{"href":"https:\/\/encuentroinformativo.com.mx\/index.php?rest_route=\/wp\/v2\/types\/post"}],"author":[{"embeddable":true,"href":"https:\/\/encuentroinformativo.com.mx\/index.php?rest_route=\/wp\/v2\/users\/1"}],"replies":[{"embeddable":true,"href":"https:\/\/encuentroinformativo.com.mx\/index.php?rest_route=%2Fwp%2Fv2%2Fcomments&post=25560"}],"version-history":[{"count":1,"href":"https:\/\/encuentroinformativo.com.mx\/index.php?rest_route=\/wp\/v2\/posts\/25560\/revisions"}],"predecessor-version":[{"id":25562,"href":"https:\/\/encuentroinformativo.com.mx\/index.php?rest_route=\/wp\/v2\/posts\/25560\/revisions\/25562"}],"wp:featuredmedia":[{"embeddable":true,"href":"https:\/\/encuentroinformativo.com.mx\/index.php?rest_route=\/wp\/v2\/media\/25561"}],"wp:attachment":[{"href":"https:\/\/encuentroinformativo.com.mx\/index.php?rest_route=%2Fwp%2Fv2%2Fmedia&parent=25560"}],"wp:term":[{"taxonomy":"category","embeddable":true,"href":"https:\/\/encuentroinformativo.com.mx\/index.php?rest_route=%2Fwp%2Fv2%2Fcategories&post=25560"},{"taxonomy":"post_tag","embeddable":true,"href":"https:\/\/encuentroinformativo.com.mx\/index.php?rest_route=%2Fwp%2Fv2%2Ftags&post=25560"}],"curies":[{"name":"wp","href":"https:\/\/api.w.org\/{rel}","templated":true}]}}