{"id":25575,"date":"2022-04-05T14:07:08","date_gmt":"2022-04-05T19:07:08","guid":{"rendered":"https:\/\/encuentroinformativo.com.mx\/?p=25575"},"modified":"2022-04-05T14:07:12","modified_gmt":"2022-04-05T19:07:12","slug":"asume-daniel-covarrubias-dirigencia-de-la-seccion-32-del-snte","status":"publish","type":"post","link":"https:\/\/encuentroinformativo.com.mx\/?p=25575","title":{"rendered":"Asume Daniel Covarrubias dirigencia de la secci\u00f3n 32 del SNTE"},"content":{"rendered":"\n<p>Xalapa, Ver.- Daniel Covarrubias L\u00f3pez tom\u00f3 protesta como nuevo dirigente estatal de la Secci\u00f3n 32 del SNTE, en sustituci\u00f3n de L\u00e1zaro Medina Barrag\u00e1n, qui\u00e9n fue arropado por el \u201cequipo pol\u00edtico\u201d.<\/p>\n\n\n\n<p>Al evento asistieron Juan Nicol\u00e1s Callejas Roldan, la diputada Ruth Callejas Roldan, el ex dirigente Gaudencio Hern\u00e1ndez Burgos y algunos diputados locales.<\/p>\n\n\n\n<figure class=\"wp-block-image size-large\"><img loading=\"lazy\" decoding=\"async\" width=\"1024\" height=\"683\" src=\"https:\/\/encuentroinformativo.com.mx\/wp-content\/uploads\/2022\/04\/F9BBBA6E-8755-4822-95DC-795B402367E8-1024x683.jpeg\" alt=\"\" class=\"wp-image-25577\" srcset=\"https:\/\/encuentroinformativo.com.mx\/wp-content\/uploads\/2022\/04\/F9BBBA6E-8755-4822-95DC-795B402367E8-1024x683.jpeg 1024w, https:\/\/encuentroinformativo.com.mx\/wp-content\/uploads\/2022\/04\/F9BBBA6E-8755-4822-95DC-795B402367E8-300x200.jpeg 300w, https:\/\/encuentroinformativo.com.mx\/wp-content\/uploads\/2022\/04\/F9BBBA6E-8755-4822-95DC-795B402367E8-768x512.jpeg 768w, https:\/\/encuentroinformativo.com.mx\/wp-content\/uploads\/2022\/04\/F9BBBA6E-8755-4822-95DC-795B402367E8-1536x1024.jpeg 1536w, https:\/\/encuentroinformativo.com.mx\/wp-content\/uploads\/2022\/04\/F9BBBA6E-8755-4822-95DC-795B402367E8.jpeg 1600w\" sizes=\"auto, (max-width: 1024px) 100vw, 1024px\" \/><\/figure>\n\n\n\n<figure class=\"wp-block-image size-large\"><img loading=\"lazy\" decoding=\"async\" width=\"1024\" height=\"540\" src=\"https:\/\/encuentroinformativo.com.mx\/wp-content\/uploads\/2022\/04\/EB438749-BEA7-49E3-BBE4-1F9D84CB515C-1024x540.jpeg\" alt=\"\" class=\"wp-image-25578\" srcset=\"https:\/\/encuentroinformativo.com.mx\/wp-content\/uploads\/2022\/04\/EB438749-BEA7-49E3-BBE4-1F9D84CB515C-1024x540.jpeg 1024w, https:\/\/encuentroinformativo.com.mx\/wp-content\/uploads\/2022\/04\/EB438749-BEA7-49E3-BBE4-1F9D84CB515C-300x158.jpeg 300w, https:\/\/encuentroinformativo.com.mx\/wp-content\/uploads\/2022\/04\/EB438749-BEA7-49E3-BBE4-1F9D84CB515C-768x405.jpeg 768w, https:\/\/encuentroinformativo.com.mx\/wp-content\/uploads\/2022\/04\/EB438749-BEA7-49E3-BBE4-1F9D84CB515C-1536x810.jpeg 1536w, https:\/\/encuentroinformativo.com.mx\/wp-content\/uploads\/2022\/04\/EB438749-BEA7-49E3-BBE4-1F9D84CB515C.jpeg 1600w\" sizes=\"auto, (max-width: 1024px) 100vw, 1024px\" \/><\/figure>\n","protected":false},"excerpt":{"rendered":"<p>Xalapa, Ver.- Daniel Covarrubias L\u00f3pez tom\u00f3 protesta como nuevo dirigente estatal de la Secci\u00f3n 32 del SNTE, en sustituci\u00f3n de L\u00e1zaro Medina Barrag\u00e1n, qui\u00e9n fue arropado por el \u201cequipo pol\u00edtico\u201d. Al evento asistieron Juan Nicol\u00e1s Callejas Roldan, la diputada Ruth Callejas Roldan, el ex dirigente Gaudencio Hern\u00e1ndez Burgos y algunos diputados locales.<\/p>\n","protected":false},"author":1,"featured_media":25576,"comment_status":"open","ping_status":"open","sticky":false,"template":"","format":"standard","meta":{"_jetpack_memberships_contains_paid_content":false,"footnotes":""},"categories":[2],"tags":[],"class_list":["post-25575","post","type-post","status-publish","format-standard","has-post-thumbnail","hentry","category-estado"],"jetpack_featured_media_url":"https:\/\/encuentroinformativo.com.mx\/wp-content\/uploads\/2022\/04\/28CC08F6-774F-49D7-A31A-A224EAEF598B.jpeg","jetpack_sharing_enabled":true,"jetpack_likes_enabled":true,"amp_enabled":true,"_links":{"self":[{"href":"https:\/\/encuentroinformativo.com.mx\/index.php?rest_route=\/wp\/v2\/posts\/25575","targetHints":{"allow":["GET"]}}],"collection":[{"href":"https:\/\/encuentroinformativo.com.mx\/index.php?rest_route=\/wp\/v2\/posts"}],"about":[{"href":"https:\/\/encuentroinformativo.com.mx\/index.php?rest_route=\/wp\/v2\/types\/post"}],"author":[{"embeddable":true,"href":"https:\/\/encuentroinformativo.com.mx\/index.php?rest_route=\/wp\/v2\/users\/1"}],"replies":[{"embeddable":true,"href":"https:\/\/encuentroinformativo.com.mx\/index.php?rest_route=%2Fwp%2Fv2%2Fcomments&post=25575"}],"version-history":[{"count":1,"href":"https:\/\/encuentroinformativo.com.mx\/index.php?rest_route=\/wp\/v2\/posts\/25575\/revisions"}],"predecessor-version":[{"id":25579,"href":"https:\/\/encuentroinformativo.com.mx\/index.php?rest_route=\/wp\/v2\/posts\/25575\/revisions\/25579"}],"wp:featuredmedia":[{"embeddable":true,"href":"https:\/\/encuentroinformativo.com.mx\/index.php?rest_route=\/wp\/v2\/media\/25576"}],"wp:attachment":[{"href":"https:\/\/encuentroinformativo.com.mx\/index.php?rest_route=%2Fwp%2Fv2%2Fmedia&parent=25575"}],"wp:term":[{"taxonomy":"category","embeddable":true,"href":"https:\/\/encuentroinformativo.com.mx\/index.php?rest_route=%2Fwp%2Fv2%2Fcategories&post=25575"},{"taxonomy":"post_tag","embeddable":true,"href":"https:\/\/encuentroinformativo.com.mx\/index.php?rest_route=%2Fwp%2Fv2%2Ftags&post=25575"}],"curies":[{"name":"wp","href":"https:\/\/api.w.org\/{rel}","templated":true}]}}