{"id":25580,"date":"2022-04-05T14:25:12","date_gmt":"2022-04-05T19:25:12","guid":{"rendered":"https:\/\/encuentroinformativo.com.mx\/?p=25580"},"modified":"2022-04-05T14:25:15","modified_gmt":"2022-04-05T19:25:15","slug":"inah-se-sumaria-al-esfuerzo-para-rescatar-el-centro-historico-de-veracruz","status":"publish","type":"post","link":"https:\/\/encuentroinformativo.com.mx\/?p=25580","title":{"rendered":"INAH se sumar\u00eda al esfuerzo para rescatar el Centro Hist\u00f3rico de Veracruz"},"content":{"rendered":"\n<p><strong>Alejandro \u00c1vila<\/strong><\/p>\n\n\n\n<p>Veracruz, Ver.- La alcaldesa de Veracruz, Patricia Lobeira Rodr\u00edguez mencion\u00f3 que, el Instituto Nacional de Antropolog\u00eda e Historia (INAH), se encuentra en total disposici\u00f3n de colaborar en el rescate del centro hist\u00f3rico de la ciudad.<\/p>\n\n\n\n<p>La edil panista viajo este lunes a la Ciudad de M\u00e9xico, para sostener una reuni\u00f3n con Diego Prieto Hern\u00e1ndez, director general del INAH, qui\u00e9n asegur\u00f3 que a trav\u00e9s de Jos\u00e9 Manuel Ba\u00f1uelos Ledesma, delegado en Veracruz, dar\u00e1 todas las facilidades y apoyos para el rescate del Centro Hist\u00f3rico.<\/p>\n\n\n\n<p>&#8220;Lo que llegamos a un acuerdo con ellos es, primero una licencia universal, ellos nos comentaron que estar\u00eda dispuestos a dar unas licencias por manzanas, para que las personas que tuvieran alguna propiedad en esa manzana pudieran hacer alg\u00fan cambio. Tambi\u00e9n comentamos de una ventanilla \u00fanica, en donde hubiera alguien del Ayuntamiento y tambi\u00e9n de INAH, para asesorar al propietario, creo que tuvimos acuerdos bien importantes, y que est\u00e1n en la mejor disposici\u00f3n de trabajar en conjunto, porque el Centro Hist\u00f3rico merece que trabajamos en conjunto, tanto el Ayuntamiento como sus due\u00f1os, los due\u00f1os de las propiedades, y del INAH en este caso&#8221;, subray\u00f3.<\/p>\n\n\n\n<p>De la misma manera, Lobeira Rodr\u00edguez mencion\u00f3 que, se les hizo la propuesta para la reapertura del Baluarte de Santiago, y tambi\u00e9n el an\u00e1lisis del proyecto de los botes acu\u00e1ticos tur\u00edsticos, con rumbo a San Juan de Ul\u00faa.<\/p>\n\n\n\n<p>&#8220;Eso tendr\u00eda que ser una empresa privada que entrara, nosotros es una propuesta que le hicimos al INAH, primero tendr\u00edan ellos que dar el permiso, pero estuvieron de acuerdo y ahora tendr\u00edamos que buscar al inversionista que quisiera tener este negocio de los botes acu\u00e1ticos a San Juan de Ul\u00faa&#8221;, puntualiz\u00f3.<\/p>\n\n\n\n<p>Tambi\u00e9n este lunes la alcaldesa de Veracruz se reuni\u00f3 con Guillermo Nev\u00e1rez Elizondo, director de Distribuci\u00f3n de CFE, y Ra\u00fal usla L\u00f3pez gerente de la Divisi\u00f3n Oriente de la CFE, con qui\u00e9nes platic\u00f3 sobre el proyecto del cableado subterr\u00e1neo en el Centro Hist\u00f3rico, y la reparaci\u00f3n de las l\u00edneas el\u00e9ctricas en la ciudad para evitar m\u00e1s &#8220;apagones&#8221;.<\/p>\n","protected":false},"excerpt":{"rendered":"<p>Alejandro \u00c1vila Veracruz, Ver.- La alcaldesa de Veracruz, Patricia Lobeira Rodr\u00edguez mencion\u00f3 que, el Instituto Nacional de Antropolog\u00eda e Historia (INAH), se encuentra en total disposici\u00f3n de colaborar en el rescate del centro hist\u00f3rico de la ciudad. La edil panista viajo este lunes a la Ciudad de M\u00e9xico, para sostener una reuni\u00f3n con Diego Prieto [&hellip;]<\/p>\n","protected":false},"author":1,"featured_media":25581,"comment_status":"open","ping_status":"open","sticky":false,"template":"","format":"standard","meta":{"_jetpack_memberships_contains_paid_content":false,"footnotes":""},"categories":[2],"tags":[],"class_list":["post-25580","post","type-post","status-publish","format-standard","has-post-thumbnail","hentry","category-estado"],"jetpack_featured_media_url":"https:\/\/encuentroinformativo.com.mx\/wp-content\/uploads\/2022\/04\/F9D3ECF2-3D4F-45EC-BEE5-2EF411B54CB0.jpeg","jetpack_sharing_enabled":true,"jetpack_likes_enabled":true,"amp_enabled":true,"_links":{"self":[{"href":"https:\/\/encuentroinformativo.com.mx\/index.php?rest_route=\/wp\/v2\/posts\/25580","targetHints":{"allow":["GET"]}}],"collection":[{"href":"https:\/\/encuentroinformativo.com.mx\/index.php?rest_route=\/wp\/v2\/posts"}],"about":[{"href":"https:\/\/encuentroinformativo.com.mx\/index.php?rest_route=\/wp\/v2\/types\/post"}],"author":[{"embeddable":true,"href":"https:\/\/encuentroinformativo.com.mx\/index.php?rest_route=\/wp\/v2\/users\/1"}],"replies":[{"embeddable":true,"href":"https:\/\/encuentroinformativo.com.mx\/index.php?rest_route=%2Fwp%2Fv2%2Fcomments&post=25580"}],"version-history":[{"count":1,"href":"https:\/\/encuentroinformativo.com.mx\/index.php?rest_route=\/wp\/v2\/posts\/25580\/revisions"}],"predecessor-version":[{"id":25582,"href":"https:\/\/encuentroinformativo.com.mx\/index.php?rest_route=\/wp\/v2\/posts\/25580\/revisions\/25582"}],"wp:featuredmedia":[{"embeddable":true,"href":"https:\/\/encuentroinformativo.com.mx\/index.php?rest_route=\/wp\/v2\/media\/25581"}],"wp:attachment":[{"href":"https:\/\/encuentroinformativo.com.mx\/index.php?rest_route=%2Fwp%2Fv2%2Fmedia&parent=25580"}],"wp:term":[{"taxonomy":"category","embeddable":true,"href":"https:\/\/encuentroinformativo.com.mx\/index.php?rest_route=%2Fwp%2Fv2%2Fcategories&post=25580"},{"taxonomy":"post_tag","embeddable":true,"href":"https:\/\/encuentroinformativo.com.mx\/index.php?rest_route=%2Fwp%2Fv2%2Ftags&post=25580"}],"curies":[{"name":"wp","href":"https:\/\/api.w.org\/{rel}","templated":true}]}}