{"id":25595,"date":"2022-04-05T17:56:41","date_gmt":"2022-04-05T22:56:41","guid":{"rendered":"https:\/\/encuentroinformativo.com.mx\/?p=25595"},"modified":"2022-04-05T17:56:45","modified_gmt":"2022-04-05T22:56:45","slug":"sev-debe-expedir-manual-de-apoyo-a-docentes-para-atencion-del-tea-diputada","status":"publish","type":"post","link":"https:\/\/encuentroinformativo.com.mx\/?p=25595","title":{"rendered":"SEV debe expedir manual de apoyo a docentes para atenci\u00f3n del TEA: Diputada"},"content":{"rendered":"\n<p><strong>*Pide la diputada Anil\u00fa Ingram que la Secretar\u00eda cumpla con lo dispuesto en el Reglamento de la Ley para la Atenci\u00f3n, Intervenci\u00f3n, Protecci\u00f3n e Inclusi\u00f3n de las Personas con Trastorno del Espectro Autista.<\/strong><\/p>\n\n\n\n<p>Xalapa, Ver.- En nombre del grupo legislativo del Partido Revolucionario Institucional (PRI), la diputada Anil\u00fa Ingram Vallines present\u00f3 un Anteproyecto con Punto de Acuerdo mediante el cual se prev\u00e9 exhortar a la Secretar\u00eda de Educaci\u00f3n de Veracruz (SEV) a que, en cumplimiento con la ley, publique a la brevedad el Manual de Apoyo a Docentes en Trastorno del Espectro Autista y el Protocolo de Actuaci\u00f3n para la Atenci\u00f3n de las Personas con Trastorno del Espectro Autista.<\/p>\n\n\n\n<p>Al participar en la s\u00e9ptima sesi\u00f3n ordinaria, del primer receso, la legisladora explic\u00f3 que el art\u00edculo quinto transitorio del Reglamento de la Ley para la Atenci\u00f3n, Intervenci\u00f3n, Protecci\u00f3n e Inclusi\u00f3n de las Personas con Trastorno del Espectro Autista para el Estado de Veracruz, dispone el cumplimiento de los citados documentos.<\/p>\n\n\n\n<p>Indic\u00f3 que la citada ley entr\u00f3 en vigor en enero de 2019 y en noviembre de 2020 fue expedido el Reglamento, \u201ccasi dos a\u00f1os despu\u00e9s de haberse promulgado esta norma dirigida a atender a personas con las condiciones del espectro autista\u201d.<\/p>\n\n\n\n<p>Record\u00f3 que dicha norma tiene como objetivo se\u00f1alar las formas de tratamiento y atenci\u00f3n a quienes presentan la condici\u00f3n del Trastorno del Espectro Autista (TEA) en su c\u00edrculo familiar, social y educativo. \u201cPara ello se fijaron los procedimientos que hagan factible la aplicaci\u00f3n de la Ley, y en esto consiste su reglamento\u201d.<\/p>\n\n\n\n<p>Sin embargo, destac\u00f3, ese mismo ordenamiento prev\u00e9 otros mecanismos de aplicaci\u00f3n particular para quienes se relacionan directamente con personas que tienen este conjunto de afecciones de comportamiento social, de comunicaci\u00f3n y de lenguaje.<\/p>\n\n\n\n<p>La Diputada dijo que la ley se cre\u00f3 para dar atenci\u00f3n, intervenci\u00f3n, protecci\u00f3n e inclusi\u00f3n de las personas con TEA y que es necesario la expedici\u00f3n de los manuales y protocolos, de manera espec\u00edfica por la dependencia responsable de la educaci\u00f3n, para quienes presentan dicha condici\u00f3n de vida.<\/p>\n\n\n\n<p>Este Anteproyecto, signado tambi\u00e9n por el diputado Marlon Ram\u00edrez Mar\u00edn y por la diputada Arianna Guadalupe \u00c1ngeles Aguirre, fue turnado a la Junta de Coordinaci\u00f3n Pol\u00edtica para su estudio y dictamen correspondiente.<\/p>\n","protected":false},"excerpt":{"rendered":"<p>*Pide la diputada Anil\u00fa Ingram que la Secretar\u00eda cumpla con lo dispuesto en el Reglamento de la Ley para la Atenci\u00f3n, Intervenci\u00f3n, Protecci\u00f3n e Inclusi\u00f3n de las Personas con Trastorno del Espectro Autista. Xalapa, Ver.- En nombre del grupo legislativo del Partido Revolucionario Institucional (PRI), la diputada Anil\u00fa Ingram Vallines present\u00f3 un Anteproyecto con Punto [&hellip;]<\/p>\n","protected":false},"author":1,"featured_media":25596,"comment_status":"open","ping_status":"open","sticky":false,"template":"","format":"standard","meta":{"_jetpack_memberships_contains_paid_content":false,"footnotes":""},"categories":[2],"tags":[],"class_list":["post-25595","post","type-post","status-publish","format-standard","has-post-thumbnail","hentry","category-estado"],"jetpack_featured_media_url":"https:\/\/encuentroinformativo.com.mx\/wp-content\/uploads\/2022\/04\/260220BE-5518-494F-BCFC-446281666FCE.jpeg","jetpack_sharing_enabled":true,"jetpack_likes_enabled":true,"amp_enabled":true,"_links":{"self":[{"href":"https:\/\/encuentroinformativo.com.mx\/index.php?rest_route=\/wp\/v2\/posts\/25595","targetHints":{"allow":["GET"]}}],"collection":[{"href":"https:\/\/encuentroinformativo.com.mx\/index.php?rest_route=\/wp\/v2\/posts"}],"about":[{"href":"https:\/\/encuentroinformativo.com.mx\/index.php?rest_route=\/wp\/v2\/types\/post"}],"author":[{"embeddable":true,"href":"https:\/\/encuentroinformativo.com.mx\/index.php?rest_route=\/wp\/v2\/users\/1"}],"replies":[{"embeddable":true,"href":"https:\/\/encuentroinformativo.com.mx\/index.php?rest_route=%2Fwp%2Fv2%2Fcomments&post=25595"}],"version-history":[{"count":1,"href":"https:\/\/encuentroinformativo.com.mx\/index.php?rest_route=\/wp\/v2\/posts\/25595\/revisions"}],"predecessor-version":[{"id":25597,"href":"https:\/\/encuentroinformativo.com.mx\/index.php?rest_route=\/wp\/v2\/posts\/25595\/revisions\/25597"}],"wp:featuredmedia":[{"embeddable":true,"href":"https:\/\/encuentroinformativo.com.mx\/index.php?rest_route=\/wp\/v2\/media\/25596"}],"wp:attachment":[{"href":"https:\/\/encuentroinformativo.com.mx\/index.php?rest_route=%2Fwp%2Fv2%2Fmedia&parent=25595"}],"wp:term":[{"taxonomy":"category","embeddable":true,"href":"https:\/\/encuentroinformativo.com.mx\/index.php?rest_route=%2Fwp%2Fv2%2Fcategories&post=25595"},{"taxonomy":"post_tag","embeddable":true,"href":"https:\/\/encuentroinformativo.com.mx\/index.php?rest_route=%2Fwp%2Fv2%2Ftags&post=25595"}],"curies":[{"name":"wp","href":"https:\/\/api.w.org\/{rel}","templated":true}]}}