{"id":2560,"date":"2020-05-15T12:55:35","date_gmt":"2020-05-15T17:55:35","guid":{"rendered":"https:\/\/encuentroinformativo.com\/?p=2560"},"modified":"2020-05-15T12:55:38","modified_gmt":"2020-05-15T17:55:38","slug":"prd-presentara-accion-de-inconstitucionalidad-contra-reforma-electoral","status":"publish","type":"post","link":"https:\/\/encuentroinformativo.com.mx\/?p=2560","title":{"rendered":"PRD presentar\u00e1 acci\u00f3n de inconstitucionalidad contra Reforma Electoral"},"content":{"rendered":"\n<p><strong>Juan Arcos <\/strong><\/p>\n\n\n\n<p>Xalapa, Ver.- El Partido de la Revoluci\u00f3n Democr\u00e1tica (PRD) presentar\u00e1 una acci\u00f3n de inconstitucionalidad contra la Reforma Electoral aprobada por el Congreso de Veracruz.<\/p>\n\n\n\n<p>As\u00ed lo revel\u00f3 el dirigente estatal del Sol Azteca, Jes\u00fas Vel\u00e1zquez Flores, quien a\u00f1adi\u00f3 que dicha acci\u00f3n se llevar\u00e1 a cabo de manera conjunta con la dirigencia nacional del PRD.<\/p>\n\n\n\n<p>El entrevistado indic\u00f3 que aunque todav\u00eda es necesario que los ayuntamientos del estado aprueben dicha medida, el Sol Azteca ya est\u00e1 preparando la acci\u00f3n legal para acudir a la Suprema Corte de Justicia de la Naci\u00f3n (SCJN).<\/p>\n\n\n\n<p>\u201cCon el respaldo de la direcci\u00f3n nacional, que es quien debe interponer el recurso, vamos a echar abajo la revocaci\u00f3n de mandato que se trata de prohibir en Veracruz\u201d.<\/p>\n\n\n\n<p>Record\u00f3 que la revocaci\u00f3n de mandato ya est\u00e1 contemplada en la Constituci\u00f3n federal y que, en Veracruz, el Movimiento de Regeneraci\u00f3n Nacional (Morena) no quiere validarla para proteger al gobernador Cuitl\u00e1huac Garc\u00eda Jim\u00e9nez.<\/p>\n\n\n\n<p>\u201cPara que ya no se vaya a hacer este ejercicio de revocaci\u00f3n de mandato porque saben que el gobernador no ha hecho bien su trabajo, saben que la ciudadan\u00eda de Veracruz no aprueba el desempe\u00f1o del gobernador y en una revocaci\u00f3n de mandato seguramente estar\u00eda siendo retirado del cargo\u201d.<\/p>\n\n\n\n<p>Vel\u00e1zquez Flores tambi\u00e9n consider\u00f3 \u201cpeligrosa\u201d la desaparici\u00f3n de los consejos municipales del Organismo P\u00fablico Local Electoral (OPLE).<\/p>\n\n\n\n<p>\u201cEs un tema que afecta directamente a los municipios de Veracruz, que en pone en duda la certeza de la elecci\u00f3n y eso es algo de los principios fundamentales del proceso electoral, el tener certeza, certeza que el propio Estado nos est\u00e1 quitando\u201d, remat\u00f3.<\/p>\n\n\n\n<p><\/p>\n","protected":false},"excerpt":{"rendered":"<p>Juan Arcos Xalapa, Ver.- El Partido de la Revoluci\u00f3n Democr\u00e1tica (PRD) presentar\u00e1 una acci\u00f3n de inconstitucionalidad contra la Reforma Electoral aprobada por el Congreso de Veracruz. As\u00ed lo revel\u00f3 el dirigente estatal del Sol Azteca, Jes\u00fas Vel\u00e1zquez Flores, quien a\u00f1adi\u00f3 que dicha acci\u00f3n se llevar\u00e1 a cabo de manera conjunta con la dirigencia nacional del [&hellip;]<\/p>\n","protected":false},"author":1,"featured_media":2029,"comment_status":"open","ping_status":"open","sticky":false,"template":"","format":"standard","meta":{"_jetpack_memberships_contains_paid_content":false,"footnotes":""},"categories":[2],"tags":[],"class_list":["post-2560","post","type-post","status-publish","format-standard","has-post-thumbnail","hentry","category-estado"],"jetpack_featured_media_url":"https:\/\/encuentroinformativo.com.mx\/wp-content\/uploads\/2020\/04\/CFE3A87B-5A63-4621-8354-62B6E5FC1B53.jpeg","jetpack_sharing_enabled":true,"jetpack_likes_enabled":true,"amp_enabled":true,"_links":{"self":[{"href":"https:\/\/encuentroinformativo.com.mx\/index.php?rest_route=\/wp\/v2\/posts\/2560","targetHints":{"allow":["GET"]}}],"collection":[{"href":"https:\/\/encuentroinformativo.com.mx\/index.php?rest_route=\/wp\/v2\/posts"}],"about":[{"href":"https:\/\/encuentroinformativo.com.mx\/index.php?rest_route=\/wp\/v2\/types\/post"}],"author":[{"embeddable":true,"href":"https:\/\/encuentroinformativo.com.mx\/index.php?rest_route=\/wp\/v2\/users\/1"}],"replies":[{"embeddable":true,"href":"https:\/\/encuentroinformativo.com.mx\/index.php?rest_route=%2Fwp%2Fv2%2Fcomments&post=2560"}],"version-history":[{"count":1,"href":"https:\/\/encuentroinformativo.com.mx\/index.php?rest_route=\/wp\/v2\/posts\/2560\/revisions"}],"predecessor-version":[{"id":2561,"href":"https:\/\/encuentroinformativo.com.mx\/index.php?rest_route=\/wp\/v2\/posts\/2560\/revisions\/2561"}],"wp:featuredmedia":[{"embeddable":true,"href":"https:\/\/encuentroinformativo.com.mx\/index.php?rest_route=\/wp\/v2\/media\/2029"}],"wp:attachment":[{"href":"https:\/\/encuentroinformativo.com.mx\/index.php?rest_route=%2Fwp%2Fv2%2Fmedia&parent=2560"}],"wp:term":[{"taxonomy":"category","embeddable":true,"href":"https:\/\/encuentroinformativo.com.mx\/index.php?rest_route=%2Fwp%2Fv2%2Fcategories&post=2560"},{"taxonomy":"post_tag","embeddable":true,"href":"https:\/\/encuentroinformativo.com.mx\/index.php?rest_route=%2Fwp%2Fv2%2Ftags&post=2560"}],"curies":[{"name":"wp","href":"https:\/\/api.w.org\/{rel}","templated":true}]}}