{"id":25600,"date":"2022-04-06T09:35:51","date_gmt":"2022-04-06T14:35:51","guid":{"rendered":"https:\/\/encuentroinformativo.com.mx\/?p=25600"},"modified":"2022-04-06T09:35:55","modified_gmt":"2022-04-06T14:35:55","slug":"demandan-cambios-de-adscripcion-en-la-sev","status":"publish","type":"post","link":"https:\/\/encuentroinformativo.com.mx\/?p=25600","title":{"rendered":"Demandan cambios de adscripci\u00f3n en la SEV"},"content":{"rendered":"\n<p><strong>Dar\u00edo Pale<\/strong><\/p>\n\n\n\n<p>Xalapa, Ver.- De nuevo vuelven a tomar las instalaciones de la Secretar\u00eda de Educaci\u00f3n de Veracruz (SEV), en esta ocasi\u00f3n es por parte del Sindicato Estatal de Trabajadores de la Educaci\u00f3n (SETE), para pedir que se resuelvan diversas demandas que tienen ante dicha dependencia.<\/p>\n\n\n\n<p>Entrevistado durante la manifestaci\u00f3n, Rafael Lozano Murrieta, secretario t\u00e9cnico y vocero de la organizaci\u00f3n, indic\u00f3 que han venido exigiendo cambios de adscripci\u00f3n y es la fecha que no les resuelven nada.<\/p>\n\n\n\n<p>Dio a conocer que el pasado 15 de noviembre tuvieron una reuni\u00f3n con el secretario Zenyazen Escobar Garc\u00eda, pero no ha habido ning\u00fan avance.<\/p>\n\n\n\n<p>&#8220;Son cambios de adscripci\u00f3n, muchas por motivos de salud y seguridad y que prometieron se iba a hacer antes de concluir el 2021 y no se hicieron&#8221;, se\u00f1al\u00f3.<\/p>\n\n\n\n<p>&#8220;Asimismo, para exigir que salgan las becas-comisi\u00f3n que dejaron de salir hace tiempo y que solo es para federalizados, el pago de algunas becas-reembolso y el pago de seguros institucionales que no se pagan desde el 2014 y, para Telebachillerato, las direcciones efectivas para este subsistema&#8221;, agreg\u00f3.<\/p>\n\n\n\n<p>Lozano Murrieta expuso que aunque siempre han privilegiado el di\u00e1logo, pero llega un momento en el que \u00e9ste se termina y por ello es que deciden tomar la dependencia.<\/p>\n\n\n\n<p>Finalmente se\u00f1al\u00f3 que quieren una audiencia con el titular de la SEV Zenyazen Escobar, ya que si no es con \u00e9l no quieren dialogar con nadie m\u00e1s y continuar\u00e1n con la toma de las instalaciones.<\/p>\n\n\n\n<figure class=\"wp-block-image size-large\"><img loading=\"lazy\" decoding=\"async\" width=\"771\" height=\"604\" src=\"https:\/\/encuentroinformativo.com.mx\/wp-content\/uploads\/2022\/04\/69B8B513-CC77-4A14-8C41-BC18A754D22D.jpeg\" alt=\"\" class=\"wp-image-25602\" srcset=\"https:\/\/encuentroinformativo.com.mx\/wp-content\/uploads\/2022\/04\/69B8B513-CC77-4A14-8C41-BC18A754D22D.jpeg 771w, https:\/\/encuentroinformativo.com.mx\/wp-content\/uploads\/2022\/04\/69B8B513-CC77-4A14-8C41-BC18A754D22D-300x235.jpeg 300w, https:\/\/encuentroinformativo.com.mx\/wp-content\/uploads\/2022\/04\/69B8B513-CC77-4A14-8C41-BC18A754D22D-768x602.jpeg 768w\" sizes=\"auto, (max-width: 771px) 100vw, 771px\" \/><\/figure>\n","protected":false},"excerpt":{"rendered":"<p>Dar\u00edo Pale Xalapa, Ver.- De nuevo vuelven a tomar las instalaciones de la Secretar\u00eda de Educaci\u00f3n de Veracruz (SEV), en esta ocasi\u00f3n es por parte del Sindicato Estatal de Trabajadores de la Educaci\u00f3n (SETE), para pedir que se resuelvan diversas demandas que tienen ante dicha dependencia. Entrevistado durante la manifestaci\u00f3n, Rafael Lozano Murrieta, secretario t\u00e9cnico [&hellip;]<\/p>\n","protected":false},"author":1,"featured_media":25601,"comment_status":"open","ping_status":"open","sticky":false,"template":"","format":"standard","meta":{"_jetpack_memberships_contains_paid_content":false,"footnotes":""},"categories":[3],"tags":[],"class_list":["post-25600","post","type-post","status-publish","format-standard","has-post-thumbnail","hentry","category-xalapa"],"jetpack_featured_media_url":"https:\/\/encuentroinformativo.com.mx\/wp-content\/uploads\/2022\/04\/489ECBE7-3693-45F6-8147-94B0878BD2C4.jpeg","jetpack_sharing_enabled":true,"jetpack_likes_enabled":true,"amp_enabled":true,"_links":{"self":[{"href":"https:\/\/encuentroinformativo.com.mx\/index.php?rest_route=\/wp\/v2\/posts\/25600","targetHints":{"allow":["GET"]}}],"collection":[{"href":"https:\/\/encuentroinformativo.com.mx\/index.php?rest_route=\/wp\/v2\/posts"}],"about":[{"href":"https:\/\/encuentroinformativo.com.mx\/index.php?rest_route=\/wp\/v2\/types\/post"}],"author":[{"embeddable":true,"href":"https:\/\/encuentroinformativo.com.mx\/index.php?rest_route=\/wp\/v2\/users\/1"}],"replies":[{"embeddable":true,"href":"https:\/\/encuentroinformativo.com.mx\/index.php?rest_route=%2Fwp%2Fv2%2Fcomments&post=25600"}],"version-history":[{"count":1,"href":"https:\/\/encuentroinformativo.com.mx\/index.php?rest_route=\/wp\/v2\/posts\/25600\/revisions"}],"predecessor-version":[{"id":25603,"href":"https:\/\/encuentroinformativo.com.mx\/index.php?rest_route=\/wp\/v2\/posts\/25600\/revisions\/25603"}],"wp:featuredmedia":[{"embeddable":true,"href":"https:\/\/encuentroinformativo.com.mx\/index.php?rest_route=\/wp\/v2\/media\/25601"}],"wp:attachment":[{"href":"https:\/\/encuentroinformativo.com.mx\/index.php?rest_route=%2Fwp%2Fv2%2Fmedia&parent=25600"}],"wp:term":[{"taxonomy":"category","embeddable":true,"href":"https:\/\/encuentroinformativo.com.mx\/index.php?rest_route=%2Fwp%2Fv2%2Fcategories&post=25600"},{"taxonomy":"post_tag","embeddable":true,"href":"https:\/\/encuentroinformativo.com.mx\/index.php?rest_route=%2Fwp%2Fv2%2Ftags&post=25600"}],"curies":[{"name":"wp","href":"https:\/\/api.w.org\/{rel}","templated":true}]}}