{"id":25614,"date":"2022-04-06T12:14:40","date_gmt":"2022-04-06T17:14:40","guid":{"rendered":"https:\/\/encuentroinformativo.com.mx\/?p=25614"},"modified":"2022-04-06T12:14:44","modified_gmt":"2022-04-06T17:14:44","slug":"acusan-anomalias-en-la-escuela-es-nuestra","status":"publish","type":"post","link":"https:\/\/encuentroinformativo.com.mx\/?p=25614","title":{"rendered":"Acusan anomal\u00edas en \u201cLa escuela es nuestra\u201d"},"content":{"rendered":"\n<p><strong>Dar\u00edo Pale<\/strong><\/p>\n\n\n\n<p>Xalapa, Ver.- Lorena Ixtepan Mart\u00ednez coordinadora estatal de la organizaci\u00f3n estudiantil Frente Nacional de Estudiantes Revolucionarios &#8220;Rafael Ram\u00edrez&#8221; (FNERRR), dio a conocer que la manifestaci\u00f3n en la plaza Lerdo es para continuar solicitando que contin\u00faen las escuelas de tiempo completo.<\/p>\n\n\n\n<p>Entrevistada durante la manifestaci\u00f3n se\u00f1al\u00f3 que el nuevo programa de &#8220;La Escuela es Nuestra&#8221;, tiene algunas irregularidades que no se compara al beneficio que reciben los ni\u00f1os y los j\u00f3venes con las Escuelas de Tiempo Completo (ETC).<\/p>\n\n\n\n<p>Dio a conocer que no se puede dejar atr\u00e1s la educaci\u00f3n de los ni\u00f1os por lo que ellos como formaci\u00f3n quieren decirle a los padres de familia, maestros y estudiantes que han dado la lucha y est\u00e1n pendiente de lo que dice el gobierno.<\/p>\n\n\n\n<p>Se\u00f1al\u00f3 que han obtenido algunos logros pero van a seguir manifest\u00e1ndose continuar\u00e1n en pie de lucha para que se pueda regresar al programa de ETC, ya que las declaraciones que hace la titular de la SEP no justifican para la desaparici\u00f3n de dicho programa.<\/p>\n\n\n\n<p>Las manifestaciones con cadenas humanas. Y otras actividades es con la finalidad de que la maestra Delfina G\u00f3mez salga a declarar y que el gobernador tambi\u00e9n diga algo al respecto.<\/p>\n\n\n\n<p>En d\u00edas pasados se movilizaron en la Ciudad de M\u00e9xico en la ma\u00f1anera y el gobierno federal hizo caso omiso al llamado de los estudiantes, por lo que ven es una actitud bastante mala por parte del gobierno federal.<\/p>\n\n\n\n<p>Finalmente se\u00f1al\u00f3 que ya viene la revocaci\u00f3n del mandato y pareciera que lo que se busca es darle los programas clientelares a las personas y ellos no est\u00e1n de acuerdo, los ni\u00f1os no votan y no lo har\u00e1n en el 2024.<\/p>\n","protected":false},"excerpt":{"rendered":"<p>Dar\u00edo Pale Xalapa, Ver.- Lorena Ixtepan Mart\u00ednez coordinadora estatal de la organizaci\u00f3n estudiantil Frente Nacional de Estudiantes Revolucionarios &#8220;Rafael Ram\u00edrez&#8221; (FNERRR), dio a conocer que la manifestaci\u00f3n en la plaza Lerdo es para continuar solicitando que contin\u00faen las escuelas de tiempo completo. Entrevistada durante la manifestaci\u00f3n se\u00f1al\u00f3 que el nuevo programa de &#8220;La Escuela es [&hellip;]<\/p>\n","protected":false},"author":1,"featured_media":25612,"comment_status":"open","ping_status":"open","sticky":false,"template":"","format":"standard","meta":{"_jetpack_memberships_contains_paid_content":false,"footnotes":""},"categories":[3],"tags":[],"class_list":["post-25614","post","type-post","status-publish","format-standard","has-post-thumbnail","hentry","category-xalapa"],"jetpack_featured_media_url":"https:\/\/encuentroinformativo.com.mx\/wp-content\/uploads\/2022\/04\/6923654E-C490-4693-9011-6AFE24814EA6.jpeg","jetpack_sharing_enabled":true,"jetpack_likes_enabled":true,"amp_enabled":true,"_links":{"self":[{"href":"https:\/\/encuentroinformativo.com.mx\/index.php?rest_route=\/wp\/v2\/posts\/25614","targetHints":{"allow":["GET"]}}],"collection":[{"href":"https:\/\/encuentroinformativo.com.mx\/index.php?rest_route=\/wp\/v2\/posts"}],"about":[{"href":"https:\/\/encuentroinformativo.com.mx\/index.php?rest_route=\/wp\/v2\/types\/post"}],"author":[{"embeddable":true,"href":"https:\/\/encuentroinformativo.com.mx\/index.php?rest_route=\/wp\/v2\/users\/1"}],"replies":[{"embeddable":true,"href":"https:\/\/encuentroinformativo.com.mx\/index.php?rest_route=%2Fwp%2Fv2%2Fcomments&post=25614"}],"version-history":[{"count":1,"href":"https:\/\/encuentroinformativo.com.mx\/index.php?rest_route=\/wp\/v2\/posts\/25614\/revisions"}],"predecessor-version":[{"id":25616,"href":"https:\/\/encuentroinformativo.com.mx\/index.php?rest_route=\/wp\/v2\/posts\/25614\/revisions\/25616"}],"wp:featuredmedia":[{"embeddable":true,"href":"https:\/\/encuentroinformativo.com.mx\/index.php?rest_route=\/wp\/v2\/media\/25612"}],"wp:attachment":[{"href":"https:\/\/encuentroinformativo.com.mx\/index.php?rest_route=%2Fwp%2Fv2%2Fmedia&parent=25614"}],"wp:term":[{"taxonomy":"category","embeddable":true,"href":"https:\/\/encuentroinformativo.com.mx\/index.php?rest_route=%2Fwp%2Fv2%2Fcategories&post=25614"},{"taxonomy":"post_tag","embeddable":true,"href":"https:\/\/encuentroinformativo.com.mx\/index.php?rest_route=%2Fwp%2Fv2%2Ftags&post=25614"}],"curies":[{"name":"wp","href":"https:\/\/api.w.org\/{rel}","templated":true}]}}