{"id":25617,"date":"2022-04-06T12:19:23","date_gmt":"2022-04-06T17:19:23","guid":{"rendered":"https:\/\/encuentroinformativo.com.mx\/?p=25617"},"modified":"2022-04-06T12:19:26","modified_gmt":"2022-04-06T17:19:26","slug":"analiza-ayuntamiento-de-veracruz-no-aplicar-ley-seca","status":"publish","type":"post","link":"https:\/\/encuentroinformativo.com.mx\/?p=25617","title":{"rendered":"Analiza Ayuntamiento de Veracruz no aplicar Ley Seca"},"content":{"rendered":"\n<p><strong>Alejandro \u00c1vila<\/strong><\/p>\n\n\n\n<p>Veracruz, Ver.- La alcaldesa de Veracruz Patricia Lobeira Rodr\u00edguez reconoci\u00f3 que existe inquietud por parte de los empresarios restauranteros sobre la posible Ley Seca qu\u00e9 se tendr\u00eda que instaurar durante el fin de semana.<\/p>\n\n\n\n<p>Al respecto, dijo que se encuentran en an\u00e1lisis con el equipo jur\u00eddico para proponer ante el Cabildo, la aplicaci\u00f3n o no de la Ley Seca durante el fin de semana del 8 al 10 de abril.<\/p>\n\n\n\n<p>&#8220;S\u00ed, tenemos que evaluarlo, no nada m\u00e1s el Cabildo sino tambi\u00e9n el jur\u00eddico del Ayuntamiento, vamos a evaluarlo, justamente ahorita tenemos una reuni\u00f3n con todo el equipo, lo vamos a estar evaluando, porque como lo he mencionado los representantes de c\u00e1maras, y los due\u00f1os de comercios y establecimientos pues s\u00ed tiene esa inquietud, vamos a estar analizando y vamos a tener una conclusi\u00f3n que estar\u00edamos anunciando yo creo que el d\u00eda de ma\u00f1ana&#8221;, mencion\u00f3.<\/p>\n\n\n\n<p>Es de recordar que el pr\u00f3ximo 10 de Abril se realizar\u00e1 la Consulta Popular sobre la Revocaci\u00f3n de Mandato del presidente Andr\u00e9s Manuel L\u00f3pez Obrador, la Constitici\u00f3n propone que exista Ley Seca durante unas elecciones, aunque los mismos art\u00edculos mencionan que es decisi\u00f3n de cada Cabildo aplicarla o no.<\/p>\n\n\n\n<p>Los empresarios del ramo tur\u00edstico y restauranteros de la zona conurbada Veracruz &#8211; Boca del R\u00edo han manifestado su preocupaci\u00f3n sobre la posible Ley Seca pues esas mismas fecha da inicio la Semana Santa y esperan aumentar sus ventas.<\/p>\n\n\n\n<p>Hay que agregar qu\u00e9, el gobernador Cuitl\u00e1huac Garc\u00eda Jim\u00e9nez en su conferencia de prensa de este mi\u00e9rcoles reconoci\u00f3 que, se analizar\u00e1 el eliminar la Ley Seca en algunas zonas del Estado de Veracruz, precisamente por la Semana Santa y debido a que son ciudades con alta afluencia tur\u00edstica.<\/p>\n","protected":false},"excerpt":{"rendered":"<p>Alejandro \u00c1vila Veracruz, Ver.- La alcaldesa de Veracruz Patricia Lobeira Rodr\u00edguez reconoci\u00f3 que existe inquietud por parte de los empresarios restauranteros sobre la posible Ley Seca qu\u00e9 se tendr\u00eda que instaurar durante el fin de semana. Al respecto, dijo que se encuentran en an\u00e1lisis con el equipo jur\u00eddico para proponer ante el Cabildo, la aplicaci\u00f3n [&hellip;]<\/p>\n","protected":false},"author":1,"featured_media":25618,"comment_status":"open","ping_status":"open","sticky":false,"template":"","format":"standard","meta":{"_jetpack_memberships_contains_paid_content":false,"footnotes":""},"categories":[2],"tags":[],"class_list":["post-25617","post","type-post","status-publish","format-standard","has-post-thumbnail","hentry","category-estado"],"jetpack_featured_media_url":"https:\/\/encuentroinformativo.com.mx\/wp-content\/uploads\/2022\/04\/F4BA6A83-0A13-4DF5-AA08-6A36754F738B.jpeg","jetpack_sharing_enabled":true,"jetpack_likes_enabled":true,"amp_enabled":true,"_links":{"self":[{"href":"https:\/\/encuentroinformativo.com.mx\/index.php?rest_route=\/wp\/v2\/posts\/25617","targetHints":{"allow":["GET"]}}],"collection":[{"href":"https:\/\/encuentroinformativo.com.mx\/index.php?rest_route=\/wp\/v2\/posts"}],"about":[{"href":"https:\/\/encuentroinformativo.com.mx\/index.php?rest_route=\/wp\/v2\/types\/post"}],"author":[{"embeddable":true,"href":"https:\/\/encuentroinformativo.com.mx\/index.php?rest_route=\/wp\/v2\/users\/1"}],"replies":[{"embeddable":true,"href":"https:\/\/encuentroinformativo.com.mx\/index.php?rest_route=%2Fwp%2Fv2%2Fcomments&post=25617"}],"version-history":[{"count":1,"href":"https:\/\/encuentroinformativo.com.mx\/index.php?rest_route=\/wp\/v2\/posts\/25617\/revisions"}],"predecessor-version":[{"id":25619,"href":"https:\/\/encuentroinformativo.com.mx\/index.php?rest_route=\/wp\/v2\/posts\/25617\/revisions\/25619"}],"wp:featuredmedia":[{"embeddable":true,"href":"https:\/\/encuentroinformativo.com.mx\/index.php?rest_route=\/wp\/v2\/media\/25618"}],"wp:attachment":[{"href":"https:\/\/encuentroinformativo.com.mx\/index.php?rest_route=%2Fwp%2Fv2%2Fmedia&parent=25617"}],"wp:term":[{"taxonomy":"category","embeddable":true,"href":"https:\/\/encuentroinformativo.com.mx\/index.php?rest_route=%2Fwp%2Fv2%2Fcategories&post=25617"},{"taxonomy":"post_tag","embeddable":true,"href":"https:\/\/encuentroinformativo.com.mx\/index.php?rest_route=%2Fwp%2Fv2%2Ftags&post=25617"}],"curies":[{"name":"wp","href":"https:\/\/api.w.org\/{rel}","templated":true}]}}