{"id":25620,"date":"2022-04-06T12:28:52","date_gmt":"2022-04-06T17:28:52","guid":{"rendered":"https:\/\/encuentroinformativo.com.mx\/?p=25620"},"modified":"2022-04-06T12:28:55","modified_gmt":"2022-04-06T17:28:55","slug":"inicia-programa-para-vacunar-a-rezagados","status":"publish","type":"post","link":"https:\/\/encuentroinformativo.com.mx\/?p=25620","title":{"rendered":"Inicia programa para vacunar a rezagados"},"content":{"rendered":"\n<p><strong>Dar\u00edo Pale <\/strong><\/p>\n\n\n\n<p>Xalapa, Ver.- Ponen en marcha el programa \u00a1\u00daltima llamada! para todos los que faltan ponerse la vacuna del refuerzo contra el coronavirus, as\u00ed lo inform\u00f3 el Gobernador del estado, Cuitl\u00e1huac Garc\u00eda Jim\u00e9nez.<\/p>\n\n\n\n<p>En conferencia de prensa se\u00f1al\u00f3 que con ello se espera que a finales de abril todos los veracruzanos est\u00e9n vacunados y finalmente en el pr\u00f3ximo periodo invernal est\u00e9n ya controlados los casos de COVID-19.<\/p>\n\n\n\n<p>\u201cEl pr\u00f3ximo periodo invernal sea como la influenza ya controlada. La campa\u00f1a se llama \u201cTodos los que faltan, \u00a1\u00daltima llamada!&#8221;, inform\u00f3.<\/p>\n\n\n\n<p>El objetivo es vacunar a todos los que no tienen esta vacuna contra el COVID se iniciar\u00e1 hoy en P\u00e1nuco, Pueblo Viejo, Coahuitl\u00e1n, Paso del Macho, Tlacotepec de Mej\u00eda y Lerdo de Tejada.<\/p>\n\n\n\n<p>El 7 de abril en Tantoyuca Ozuluama Ayahualulco, Las Minas, Papantla, Emiliano Zapata, Fort\u00edn, R\u00edo Blanco, Cosamaloapan, Isla, Minatitl\u00e1n, y Miahuatl\u00e1n.<\/p>\n\n\n\n<p>Por \u00faltimo mencion\u00f3 que los municipios donde se aplicar\u00e1 la \u00faltima dosis de refuerzo estar\u00e1n a disposici\u00f3n en la p\u00e1gina\u00a0<a rel=\"noreferrer noopener\" href=\"http:\/\/www.coronavirus.veracruz.gob.mx\/\" target=\"_blank\">www.coronavirus.veracruz.gob.mx<\/a>.<\/p>\n","protected":false},"excerpt":{"rendered":"<p>Dar\u00edo Pale Xalapa, Ver.- Ponen en marcha el programa \u00a1\u00daltima llamada! para todos los que faltan ponerse la vacuna del refuerzo contra el coronavirus, as\u00ed lo inform\u00f3 el Gobernador del estado, Cuitl\u00e1huac Garc\u00eda Jim\u00e9nez. En conferencia de prensa se\u00f1al\u00f3 que con ello se espera que a finales de abril todos los veracruzanos est\u00e9n vacunados y [&hellip;]<\/p>\n","protected":false},"author":1,"featured_media":25621,"comment_status":"open","ping_status":"open","sticky":false,"template":"","format":"standard","meta":{"_jetpack_memberships_contains_paid_content":false,"footnotes":""},"categories":[9],"tags":[],"class_list":["post-25620","post","type-post","status-publish","format-standard","has-post-thumbnail","hentry","category-salud"],"jetpack_featured_media_url":"https:\/\/encuentroinformativo.com.mx\/wp-content\/uploads\/2022\/04\/D569FCB5-41F5-4858-9734-9F57B48A2C29.jpeg","jetpack_sharing_enabled":true,"jetpack_likes_enabled":true,"amp_enabled":true,"_links":{"self":[{"href":"https:\/\/encuentroinformativo.com.mx\/index.php?rest_route=\/wp\/v2\/posts\/25620","targetHints":{"allow":["GET"]}}],"collection":[{"href":"https:\/\/encuentroinformativo.com.mx\/index.php?rest_route=\/wp\/v2\/posts"}],"about":[{"href":"https:\/\/encuentroinformativo.com.mx\/index.php?rest_route=\/wp\/v2\/types\/post"}],"author":[{"embeddable":true,"href":"https:\/\/encuentroinformativo.com.mx\/index.php?rest_route=\/wp\/v2\/users\/1"}],"replies":[{"embeddable":true,"href":"https:\/\/encuentroinformativo.com.mx\/index.php?rest_route=%2Fwp%2Fv2%2Fcomments&post=25620"}],"version-history":[{"count":1,"href":"https:\/\/encuentroinformativo.com.mx\/index.php?rest_route=\/wp\/v2\/posts\/25620\/revisions"}],"predecessor-version":[{"id":25622,"href":"https:\/\/encuentroinformativo.com.mx\/index.php?rest_route=\/wp\/v2\/posts\/25620\/revisions\/25622"}],"wp:featuredmedia":[{"embeddable":true,"href":"https:\/\/encuentroinformativo.com.mx\/index.php?rest_route=\/wp\/v2\/media\/25621"}],"wp:attachment":[{"href":"https:\/\/encuentroinformativo.com.mx\/index.php?rest_route=%2Fwp%2Fv2%2Fmedia&parent=25620"}],"wp:term":[{"taxonomy":"category","embeddable":true,"href":"https:\/\/encuentroinformativo.com.mx\/index.php?rest_route=%2Fwp%2Fv2%2Fcategories&post=25620"},{"taxonomy":"post_tag","embeddable":true,"href":"https:\/\/encuentroinformativo.com.mx\/index.php?rest_route=%2Fwp%2Fv2%2Ftags&post=25620"}],"curies":[{"name":"wp","href":"https:\/\/api.w.org\/{rel}","templated":true}]}}