{"id":25623,"date":"2022-04-06T12:44:53","date_gmt":"2022-04-06T17:44:53","guid":{"rendered":"https:\/\/encuentroinformativo.com.mx\/?p=25623"},"modified":"2022-04-06T12:44:56","modified_gmt":"2022-04-06T17:44:56","slug":"celebra-cuitlahuac-garcia-extradicion-de-karime-macias","status":"publish","type":"post","link":"https:\/\/encuentroinformativo.com.mx\/?p=25623","title":{"rendered":"Celebra Cuitl\u00e1huac Garc\u00eda extradici\u00f3n de Karime Mac\u00edas"},"content":{"rendered":"\n<p><strong>Dar\u00edo Pale <\/strong><\/p>\n\n\n\n<p>Xalapa, Ver.- Luego de que la Fiscal\u00eda General de la Rep\u00fablica (FGR), diera a conocer a trav\u00e9s de un comunicado que el gobierno de Gran Breta\u00f1a aprob\u00f3 la extradici\u00f3n de Karime Mac\u00edas a M\u00e9xico, el Gobernador del Estado, Cuitl\u00e1huac Garc\u00eda Jim\u00e9nez, extern\u00f3 su reconocimiento a la FGR.<\/p>\n\n\n\n<p>En conferencia de prensa coment\u00f3 que su administraci\u00f3n no tiene participaci\u00f3n en el tema de la extradici\u00f3n de Karime &#8220;N&#8221; de Inglaterra, pero s\u00ed tiene el inter\u00e9s de que se resuelva, porque no se sabe a d\u00f3nde fueron a parar miles de millones de pesos en la administraci\u00f3n de Javier Duarte.<\/p>\n\n\n\n<p>Cuestionado en relaci\u00f3n al comunicado que emiti\u00f3 la Fiscal\u00eda General de la Rep\u00fablica este martes y la respuesta que se dio poco despu\u00e9s por parte del abogado del exgobernador a trav\u00e9s de sus redes sociales; reconoci\u00f3 a la Fiscal\u00eda General de la Rep\u00fablica porque logr\u00f3 demostrar en los alegatos judiciales por qu\u00e9 la justicia mexicana reclama a la expresidenta del DIF Estatal.<\/p>\n\n\n\n<p>&#8220;Externo mi reconocimiento a la Fiscal\u00eda General de la Rep\u00fablica porque nuevamente logra demostrar en los alegatos judiciales que reclaman la extradici\u00f3n de esta persona, entonces externo mi reconocimiento a la FGR. No tenemos competencia judicial en el asunto, lo llevan la FGR y la del Estado, pero s\u00ed tengo el inter\u00e9s de que se aclare y se d\u00e9 con una justicia sobre lo que sucedi\u00f3&#8221;, se\u00f1al\u00f3.<\/p>\n\n\n\n<p>Record\u00f3 que las observaciones de la Auditor\u00eda Superior de la Federaci\u00f3n son por las deudas que dejaron de miles de millones de pesos.<\/p>\n\n\n\n<p>&#8220;No olvidemos que nos dejaron una deuda atroz y lo m\u00e1s recalcitrante es que no se vio en donde se dej\u00f3 esa deuda, en qu\u00e9 se utilizaron, porque las auditor\u00edas de la Auditor\u00eda Superior de la Federaci\u00f3n, indican que se fueron a la corrupci\u00f3n los miles y miles de millones de pesos&#8221;, agreg\u00f3.<\/p>\n\n\n\n<p>El titular del Ejecutivo hizo votos porque las dos fiscal\u00edas contin\u00faen con el asunto y &#8220;ojal\u00e1 se aclare y se haga justicia&#8221;.<\/p>\n\n\n\n<p>Por \u00faltimo, el mandatario estatal dijo tener la confianza en que en esta ocasi\u00f3n se logre aclarar en que se gastaron los recursos p\u00fablicos y se haga justicia para los veracruzanos.<\/p>\n\n\n\n<p><strong>Analiza Ley Seca<\/strong><\/p>\n\n\n\n<p>A\u00fan no se define si habr\u00e1 Ley Seca para el fin de semana debido a la consulta de la revocaci\u00f3n el mandato, as\u00ed lo se\u00f1al\u00f3 el gobernador de Veracruz Cuitl\u00e1huac Garc\u00eda Jim\u00e9nez.<\/p>\n\n\n\n<p>En conferencia de prensa dijo que se supone que s\u00ed tendr\u00eda que haber Ley Seca pero analizar\u00e1 si deber\u00e1 ser en los 212 municipios o s\u00f3lo en algunas zonas, toda vez que es el inicio del periodo vacacional de Semana Santa.<\/p>\n\n\n\n<p>&#8220;Vamos a analizar, la Ley Seca a un servidor, pero debo consultar porque tambi\u00e9n se traslapa el inicio de las vacaciones para ciertos sectores, entonces podr\u00edamos restringirlo en ciertas zonas y tal vez en algunas no&#8221;, se\u00f1al\u00f3.<\/p>\n\n\n\n<p>Finalmente coment\u00f3 que el d\u00eda viernes tiene reuni\u00f3n con el comit\u00e9 de salud donde consultar\u00e1 lo correspondiente a este evento al igual que con el INE para ver cu\u00e1l es la recomendaci\u00f3n y tomar\u00e1n la decisi\u00f3n ese d\u00eda.<\/p>\n","protected":false},"excerpt":{"rendered":"<p>Dar\u00edo Pale Xalapa, Ver.- Luego de que la Fiscal\u00eda General de la Rep\u00fablica (FGR), diera a conocer a trav\u00e9s de un comunicado que el gobierno de Gran Breta\u00f1a aprob\u00f3 la extradici\u00f3n de Karime Mac\u00edas a M\u00e9xico, el Gobernador del Estado, Cuitl\u00e1huac Garc\u00eda Jim\u00e9nez, extern\u00f3 su reconocimiento a la FGR. En conferencia de prensa coment\u00f3 que [&hellip;]<\/p>\n","protected":false},"author":1,"featured_media":25624,"comment_status":"open","ping_status":"open","sticky":false,"template":"","format":"standard","meta":{"_jetpack_memberships_contains_paid_content":false,"footnotes":""},"categories":[2],"tags":[],"class_list":["post-25623","post","type-post","status-publish","format-standard","has-post-thumbnail","hentry","category-estado"],"jetpack_featured_media_url":"https:\/\/encuentroinformativo.com.mx\/wp-content\/uploads\/2022\/04\/65DEDF25-0FE1-4E43-9F18-064F635A7387.jpeg","jetpack_sharing_enabled":true,"jetpack_likes_enabled":true,"amp_enabled":true,"_links":{"self":[{"href":"https:\/\/encuentroinformativo.com.mx\/index.php?rest_route=\/wp\/v2\/posts\/25623","targetHints":{"allow":["GET"]}}],"collection":[{"href":"https:\/\/encuentroinformativo.com.mx\/index.php?rest_route=\/wp\/v2\/posts"}],"about":[{"href":"https:\/\/encuentroinformativo.com.mx\/index.php?rest_route=\/wp\/v2\/types\/post"}],"author":[{"embeddable":true,"href":"https:\/\/encuentroinformativo.com.mx\/index.php?rest_route=\/wp\/v2\/users\/1"}],"replies":[{"embeddable":true,"href":"https:\/\/encuentroinformativo.com.mx\/index.php?rest_route=%2Fwp%2Fv2%2Fcomments&post=25623"}],"version-history":[{"count":1,"href":"https:\/\/encuentroinformativo.com.mx\/index.php?rest_route=\/wp\/v2\/posts\/25623\/revisions"}],"predecessor-version":[{"id":25625,"href":"https:\/\/encuentroinformativo.com.mx\/index.php?rest_route=\/wp\/v2\/posts\/25623\/revisions\/25625"}],"wp:featuredmedia":[{"embeddable":true,"href":"https:\/\/encuentroinformativo.com.mx\/index.php?rest_route=\/wp\/v2\/media\/25624"}],"wp:attachment":[{"href":"https:\/\/encuentroinformativo.com.mx\/index.php?rest_route=%2Fwp%2Fv2%2Fmedia&parent=25623"}],"wp:term":[{"taxonomy":"category","embeddable":true,"href":"https:\/\/encuentroinformativo.com.mx\/index.php?rest_route=%2Fwp%2Fv2%2Fcategories&post=25623"},{"taxonomy":"post_tag","embeddable":true,"href":"https:\/\/encuentroinformativo.com.mx\/index.php?rest_route=%2Fwp%2Fv2%2Ftags&post=25623"}],"curies":[{"name":"wp","href":"https:\/\/api.w.org\/{rel}","templated":true}]}}