{"id":25654,"date":"2022-04-07T09:36:37","date_gmt":"2022-04-07T14:36:37","guid":{"rendered":"https:\/\/encuentroinformativo.com.mx\/?p=25654"},"modified":"2022-04-07T09:36:40","modified_gmt":"2022-04-07T14:36:40","slug":"no-lo-distraigan-con-sus-legos","status":"publish","type":"post","link":"https:\/\/encuentroinformativo.com.mx\/?p=25654","title":{"rendered":"NO LO DISTRAIGAN CON SUS LEGOS"},"content":{"rendered":"\n<p><strong>ColumnaSinNombre<br>@pablojair<\/strong><\/p>\n\n\n\n<ul class=\"wp-block-list\"><li>Tremenda fichita el hijo del diputado\u2026 \u00bfY nadie lo sab\u00eda?<\/li><li>Cuitl\u00e1huac Garc\u00eda, entre mejores \u201cgobers\u201d, dice Mitofsky.<\/li><li>A ver si da permiso el que manda en Coatepec.<\/li><\/ul>\n\n\n\n<p>42 grados en algunas partes de Veracruz<br>y apenas empez\u00f3 la primavera<br>\u2014Chopenjawer<\/p>\n\n\n\n<p>Perdonen la palabrota dominguera, pero se justifica (entiendo es una par\u00e1frasis). Un viejo adagio entre los pol\u00edticos reza: \u201ccuando tu adversario est\u00e9 haciendo pendejadas, no lo distraigas\u201d.<\/p>\n\n\n\n<p>Y aplica tambi\u00e9n la vida de cualquier mortal, no solamente en la pol\u00edtica.<\/p>\n\n\n\n<p>Lo anterior viene a colaci\u00f3n porque con aquel penoso asunto de la \u201cprotesta\u201d de los senadores panistas con la casita de Lego para \u2014seg\u00fan ellos\u2014 \u201ccriticar\u201d al hijo del presidente Andr\u00e9s Manuel L\u00f3pez Obrador, el \u00fanico pitorreo que consiguieron fue para ellos.<\/p>\n\n\n\n<p>\u00bfO sea, neta? \u00bfEse es el humor que se cargan? Ok\u2026 Nom\u00e1s vean c\u00f3mo les fue en redes sociales.<\/p>\n\n\n\n<p>Lo anterior \u2014en t\u00e9rminos beisboleros\u2014 fue una \u201cbobita\u201d para la Cuarta Transformeishion; al d\u00eda siguiente, en la \u201cma\u00f1anera\u201d, L\u00f3pez Obrador los exhibi\u00f3 por el mal chiste y la \u201cprotesta\u201d tan rid\u00edcula que no les sali\u00f3.<\/p>\n\n\n\n<p>Finalmente, ese suceso tan \u00f1o\u00f1o ya los marc\u00f3 por un buen rato. Ya sus manifestaciones, sus dichos, sus arrebatos, ser\u00e1n comparados al nivel de un juego infantil de pl\u00e1sticos armables.<\/p>\n\n\n\n<p>Y solitos se empinaron, nadie los oblig\u00f3.<\/p>\n\n\n\n<p>Pas\u00f3 como aquel esc\u00e1ndalo cuando se tomaron la foto con el dirigente del partido espa\u00f1ol ultraderechista VOX, y que los oblig\u00f3 a admitir que fue un error. En concreto: nadie los empuja a hacer tonter\u00edas: solitos las hacen, como la gente de la otra \u201cprotesta\u201d contra la revocaci\u00f3n de mandato para pedir que AMLO no se vaya, sino que se quede, pero que se vaya (WTF?)<\/p>\n\n\n\n<p>Esta misma \u201cbobita\u201d de la casita de Legos la \u201cprendi\u00f3\u201d el gobernador Cuitl\u00e1huac Garc\u00eda Jim\u00e9nez este mi\u00e9rcoles en su conferencia desde Palacio de Gobierno, cuando le preguntaron qu\u00e9 opinaba del tuit que lanz\u00f3 el senador Julen Rementer\u00eda del Puerto al mandatario estatal para que se pusiera a trabajar.<\/p>\n\n\n\n<p>El mandatario estatal respondi\u00f3 con iron\u00eda: \u201cNo voy a interrumpir al trabajo del senador Julen armando Legos\u201d.<\/p>\n\n\n\n<p>Y esto record\u00f3 la frase que le comentaba al principio: no los va a distraer de las tonter\u00edas que est\u00e9n haciendo.<\/p>\n\n\n\n<p>\u00bfQu\u00e9 le pasa al senador Julen Rementer\u00eda? De repente se mete en situaciones medi\u00e1ticas tan lamentables como lo de VOX y la casita de Lego, que uno pensar\u00eda que quiz\u00e1s lo est\u00e1n mal asesorando y meti\u00e9ndose en asuntos donde mejor le hubiera hecho como la Lily T\u00e9llez y excusarse que ten\u00eda una almorrana gruesa, o una hernia, o algo as\u00ed.<\/p>\n\n\n\n<p>O sea, se entiende que es el coordinador de bancada, pero tambi\u00e9n deber\u00eda medir si le conviene exhibirse en todo a cuesta de su propia imagen.<\/p>\n\n\n\n<p>Julen no tra\u00eda mal capital pol\u00edtico, pero las cosas cambiaron desde aquella vez que dobl\u00f3 las manitas y se dej\u00f3 arrollar por los Yunes en la elecci\u00f3n interna donde a su hijo Bingen le arrebataron la candidatura a la alcald\u00eda de Veracruz por el PAN. Dicen que la moneda de cambio fue la coordinaci\u00f3n de la bancada del Senado, que francamente es nada para el futuro que ten\u00eda su v\u00e1stago en la Presidencia Municipal m\u00e1s importante del estado.<\/p>\n\n\n\n<p>Ya este nuevo error deber\u00eda tenerlo en cuenta el senador; saber si realmente le conviene estar en todas las protestas \u201ccreativas\u201d de la oposici\u00f3n que s\u00f3lo los exponen al rid\u00edculo.<\/p>\n\n\n\n<p>Pero bueno, no los distraigamos. Ah\u00ed la llevan.<\/p>\n\n\n\n<p><strong>NOTA PARA PEGAR EN EL REFRI: <\/strong>Que en un cateo realizado hace unas horas, en diversas casas de Gustavo Abigail \u201cN\u201d, alias \u201cEl Pino\u201d, encontraron armas, varios cientos de kilos de drogas, 100 autos robados y hasta un secuestrado\u2026 \u201cEl Pino\u201d es hijo del diputado pri\u00edsta de Oaxaca preso en Veracruz, Gustavo \u201cN\u201d, apodado \u201cEl Gato\u201d, quien tambi\u00e9n es se\u00f1alado por varias lindezas\u2026 Ambos est\u00e1n se\u00f1alados de ser miembros de un grupo delictivo y presuntos generadores de violencia en los estados de Veracruz y Oaxaca, as\u00ed como en la regi\u00f3n del Istmo de Tehuantepec\u2026 Por cierto, a Gustavo Abigail \u201cN\u201d lo vincularon a proceso por el homicidio doloso calificado en agravio del periodista J.V.R, en Tezonapa el pasado 9 de septiembre del 2020\u2026 Y a todo esto, la pregunta obligada \u00bfy nadie en el pasado los ten\u00eda detectados? \u00bfEn verdad hasta el narco ten\u00eda a su diputado en Oaxaca?\u2026 Ac\u00e1 en Veracruz dicen que tampoco cantan mal las rancheras; ah\u00ed preg\u00fantele a los del Verde.<\/p>\n\n\n\n<p><strong>OTRA NOTA: <\/strong>Que seg\u00fan la encuestadora Consulta Mitofsky, de Roy Campos, el gobernador Cuitl\u00e1huac Garc\u00eda ya est\u00e1 entre los 11 mejores gobernadores del pa\u00eds, casi a la par de su hom\u00f3loga de la Ciudad de M\u00e9xico, Claudia Sheinbaum\u2026 Seg\u00fan Mitofsky, en el mes de marzo el gobernador veracruzano obtuvo una calificaci\u00f3n alta de aprobaci\u00f3n al pasar del 12 al lugar n\u00famero 11 de los 32 mandatarios mejor evaluados de M\u00e9xico. En el reporte que mensualmente se publica acerca de las Gobernadoras y Gobernadores Mejor Evaluados del pa\u00eds, precisa que el mandatario estatal subi\u00f3 de febrero a marzo de 54.4 a 55.3 puntos de aprobaci\u00f3n, un aumento del 0.9 por ciento en comparaci\u00f3n con el mes anterior\u2026 Roy Campos expuso que este ranking es en base a un comparativo mensual en donde se califica el desempe\u00f1o de las y los mandatarios al frente de las administraciones estatales.<\/p>\n\n\n\n<p><strong>LA \u00daLTIMA PORQUE TOCA PLAYITA: <\/strong>Que en Coatepec se preguntan si el que verdaderamente manda y ordena y dispone en el Pueblo M\u00e1gico estar\u00e1 de acuerdo con que se haga el trazo del libramiento faltante para que pase por detr\u00e1s de su casa\u2026 O sea, me supongo que alguien tiene qu\u00e9 hablar con \u00e9l y pedirle \u2014de entrada, que no se moleste, que no se caliente f\u00e1cilmente como garnacha chafa\u2014 que d\u00e9 chance para hacer estudios y si hay posibilidad de seguir construyendo lo pendiente\u2026 Dicen que el \u201c\u00f1or\u201d es razonable; a eso s\u00famese que tiene bajo su control al municipio, con todo y un t\u00edtere de carne como alcalde, pero seguramente Don To\u00f1o va a aceptar\u2026 S\u00ed, Don To\u00f1o, el de la haciendota en la salida hacia Xico\u2026 \u00bfA poco pensaban en alguien m\u00e1s?<\/p>\n","protected":false},"excerpt":{"rendered":"<p>ColumnaSinNombre@pablojair Tremenda fichita el hijo del diputado\u2026 \u00bfY nadie lo sab\u00eda? Cuitl\u00e1huac Garc\u00eda, entre mejores \u201cgobers\u201d, dice Mitofsky. A ver si da permiso el que manda en Coatepec. 42 grados en algunas partes de Veracruzy apenas empez\u00f3 la primavera\u2014Chopenjawer Perdonen la palabrota dominguera, pero se justifica (entiendo es una par\u00e1frasis). Un viejo adagio entre los [&hellip;]<\/p>\n","protected":false},"author":1,"featured_media":488,"comment_status":"open","ping_status":"open","sticky":false,"template":"","format":"standard","meta":{"_jetpack_memberships_contains_paid_content":false,"footnotes":""},"categories":[11],"tags":[],"class_list":["post-25654","post","type-post","status-publish","format-standard","has-post-thumbnail","hentry","category-opinion"],"jetpack_featured_media_url":"https:\/\/encuentroinformativo.com.mx\/wp-content\/uploads\/2020\/03\/F471F608-BA1A-416B-BA7B-BCFB24F4E6D0.jpeg","jetpack_sharing_enabled":true,"jetpack_likes_enabled":true,"amp_enabled":true,"_links":{"self":[{"href":"https:\/\/encuentroinformativo.com.mx\/index.php?rest_route=\/wp\/v2\/posts\/25654","targetHints":{"allow":["GET"]}}],"collection":[{"href":"https:\/\/encuentroinformativo.com.mx\/index.php?rest_route=\/wp\/v2\/posts"}],"about":[{"href":"https:\/\/encuentroinformativo.com.mx\/index.php?rest_route=\/wp\/v2\/types\/post"}],"author":[{"embeddable":true,"href":"https:\/\/encuentroinformativo.com.mx\/index.php?rest_route=\/wp\/v2\/users\/1"}],"replies":[{"embeddable":true,"href":"https:\/\/encuentroinformativo.com.mx\/index.php?rest_route=%2Fwp%2Fv2%2Fcomments&post=25654"}],"version-history":[{"count":1,"href":"https:\/\/encuentroinformativo.com.mx\/index.php?rest_route=\/wp\/v2\/posts\/25654\/revisions"}],"predecessor-version":[{"id":25655,"href":"https:\/\/encuentroinformativo.com.mx\/index.php?rest_route=\/wp\/v2\/posts\/25654\/revisions\/25655"}],"wp:featuredmedia":[{"embeddable":true,"href":"https:\/\/encuentroinformativo.com.mx\/index.php?rest_route=\/wp\/v2\/media\/488"}],"wp:attachment":[{"href":"https:\/\/encuentroinformativo.com.mx\/index.php?rest_route=%2Fwp%2Fv2%2Fmedia&parent=25654"}],"wp:term":[{"taxonomy":"category","embeddable":true,"href":"https:\/\/encuentroinformativo.com.mx\/index.php?rest_route=%2Fwp%2Fv2%2Fcategories&post=25654"},{"taxonomy":"post_tag","embeddable":true,"href":"https:\/\/encuentroinformativo.com.mx\/index.php?rest_route=%2Fwp%2Fv2%2Ftags&post=25654"}],"curies":[{"name":"wp","href":"https:\/\/api.w.org\/{rel}","templated":true}]}}