{"id":25656,"date":"2022-04-07T10:05:56","date_gmt":"2022-04-07T15:05:56","guid":{"rendered":"https:\/\/encuentroinformativo.com.mx\/?p=25656"},"modified":"2022-04-07T10:05:59","modified_gmt":"2022-04-07T15:05:59","slug":"con-lonas-reclaman-permanencia-de-escuelas-de-tiempo-completo","status":"publish","type":"post","link":"https:\/\/encuentroinformativo.com.mx\/?p=25656","title":{"rendered":"Con lonas, reclaman permanencia de Escuelas de Tiempo Completo"},"content":{"rendered":"\n<p><strong>Juan Arcos<\/strong><\/p>\n\n\n\n<p>Xalapa, Ver.- \u201cNo al cierre de escuelas de tiempo completo\u201d, se lee en una lona que cuelga del parque Benito Ju\u00e1rez de esta ciudad de Xalapa, en la zona del Viaducto que conduce hacia la calle Ignacio Zaragoza.<\/p>\n\n\n\n<p>La pancarta se observ\u00f3 durante esta ma\u00f1ana en el primer cuadro de la capital del estado, donde es numeroso el tr\u00e1nsito de veh\u00edculos.<\/p>\n\n\n\n<p>Durante el mi\u00e9rcoles 6 de abril se registraron protestas en la ciudad a favor de la permanencia de dicho programa federal.<\/p>\n\n\n\n<p>Cabe recordar que las oficinas centrales de la Secretar\u00eda de Educaci\u00f3n de Veracruz (SEV) fueron tomadas por integrantes del Sindicato Estatal de Trabajadores de la Educaci\u00f3n (SETE).<\/p>\n\n\n\n<p>Tambi\u00e9n miembros de la Federaci\u00f3n Nacional de Estudiantes Revolucionarios Rafael Ram\u00edrez (FNERRR) protestaron frente a Palacio de Gobierno para demandar que contin\u00faen las escuelas de tiempo completo.\u00a0<br>Incluso, se pronunciaron a favor del amparo que se ha promovido a nivel nacional para evitar la desaparici\u00f3n del programa Escuelas de Tiempo Completo.<\/p>\n\n\n\n<p>Se habla de que en el pa\u00eds son m\u00e1s de 3.6 millones de j\u00f3venes afectados con la desaparici\u00f3n del programa mencionado.<\/p>\n","protected":false},"excerpt":{"rendered":"<p>Juan Arcos Xalapa, Ver.- \u201cNo al cierre de escuelas de tiempo completo\u201d, se lee en una lona que cuelga del parque Benito Ju\u00e1rez de esta ciudad de Xalapa, en la zona del Viaducto que conduce hacia la calle Ignacio Zaragoza. La pancarta se observ\u00f3 durante esta ma\u00f1ana en el primer cuadro de la capital del [&hellip;]<\/p>\n","protected":false},"author":1,"featured_media":25657,"comment_status":"open","ping_status":"open","sticky":false,"template":"","format":"standard","meta":{"_jetpack_memberships_contains_paid_content":false,"footnotes":""},"categories":[3],"tags":[],"class_list":["post-25656","post","type-post","status-publish","format-standard","has-post-thumbnail","hentry","category-xalapa"],"jetpack_featured_media_url":"https:\/\/encuentroinformativo.com.mx\/wp-content\/uploads\/2022\/04\/AF9DDA5C-64D6-4ABB-8C88-5F448E8B19E6.jpeg","jetpack_sharing_enabled":true,"jetpack_likes_enabled":true,"amp_enabled":true,"_links":{"self":[{"href":"https:\/\/encuentroinformativo.com.mx\/index.php?rest_route=\/wp\/v2\/posts\/25656","targetHints":{"allow":["GET"]}}],"collection":[{"href":"https:\/\/encuentroinformativo.com.mx\/index.php?rest_route=\/wp\/v2\/posts"}],"about":[{"href":"https:\/\/encuentroinformativo.com.mx\/index.php?rest_route=\/wp\/v2\/types\/post"}],"author":[{"embeddable":true,"href":"https:\/\/encuentroinformativo.com.mx\/index.php?rest_route=\/wp\/v2\/users\/1"}],"replies":[{"embeddable":true,"href":"https:\/\/encuentroinformativo.com.mx\/index.php?rest_route=%2Fwp%2Fv2%2Fcomments&post=25656"}],"version-history":[{"count":1,"href":"https:\/\/encuentroinformativo.com.mx\/index.php?rest_route=\/wp\/v2\/posts\/25656\/revisions"}],"predecessor-version":[{"id":25658,"href":"https:\/\/encuentroinformativo.com.mx\/index.php?rest_route=\/wp\/v2\/posts\/25656\/revisions\/25658"}],"wp:featuredmedia":[{"embeddable":true,"href":"https:\/\/encuentroinformativo.com.mx\/index.php?rest_route=\/wp\/v2\/media\/25657"}],"wp:attachment":[{"href":"https:\/\/encuentroinformativo.com.mx\/index.php?rest_route=%2Fwp%2Fv2%2Fmedia&parent=25656"}],"wp:term":[{"taxonomy":"category","embeddable":true,"href":"https:\/\/encuentroinformativo.com.mx\/index.php?rest_route=%2Fwp%2Fv2%2Fcategories&post=25656"},{"taxonomy":"post_tag","embeddable":true,"href":"https:\/\/encuentroinformativo.com.mx\/index.php?rest_route=%2Fwp%2Fv2%2Ftags&post=25656"}],"curies":[{"name":"wp","href":"https:\/\/api.w.org\/{rel}","templated":true}]}}