{"id":25662,"date":"2022-04-07T12:59:43","date_gmt":"2022-04-07T17:59:43","guid":{"rendered":"https:\/\/encuentroinformativo.com.mx\/?p=25662"},"modified":"2022-04-07T12:59:47","modified_gmt":"2022-04-07T17:59:47","slug":"piden-crear-instituto-que-promueva-la-inclusion","status":"publish","type":"post","link":"https:\/\/encuentroinformativo.com.mx\/?p=25662","title":{"rendered":"Piden crear instituto que promueva la inclusi\u00f3n"},"content":{"rendered":"\n<p><strong>Dar\u00edo Pale<\/strong><\/p>\n\n\n\n<p>Xalapa, Ver.- La maestra Karina Mart\u00ednez Vera presidenta del Instituto Mexicano de Investigaci\u00f3n y Desarrollo Integral IMIDI A.C., le aclar\u00f3 al gobernador que el autismo no es una enfermedad, adem\u00e1s de que contin\u00faan solicitando a las autoridades municipales la creaci\u00f3n del Instituto Municipal Especializado para la inclusi\u00f3n de las personas en condici\u00f3n de discapacidad.<\/p>\n\n\n\n<p>En conferencia de prensa la titular del IMIDI se\u00f1al\u00f3 que la constante insistencia de las asociaciones y colectivos que integran la red estatal de inclusi\u00f3n por lograr la creaci\u00f3n de dicho instituto, se han concretado varias reuniones con las autoridades municipales quienes han hecho la promesa de crear la comisi\u00f3n municipal de discapacidad.<\/p>\n\n\n\n<p>Dio a conocer que la comisi\u00f3n se integra por regidoras y regidores y que ya exist\u00eda en administraciones anteriores, por lo que tanto el alcalde como el secretario del ayuntamiento les aseguraron que no se puede crear un instituto municipal si no hay uno estatal.<\/p>\n\n\n\n<p>Se\u00f1alaron que la Ley Org\u00e1nica del municipio libre, justo en el cap\u00edtulo III referente a las atribuciones del ayuntamiento en el art\u00edculo 35 en su inciso XI dice textual \u201ccrear los \u00f3rganos centralizados y desconcentrados que requiera la administraci\u00f3n p\u00fablica municipal para la mejor prestaci\u00f3n de los servicios de su competencia, de conformidad con las disposiciones presupuestales y reglamentarias municipales\u201d.<\/p>\n\n\n\n<p>De igual forma, en el inciso XV dice \u201cCrear, previa autorizaci\u00f3n del Congreso del Estado, las entidades paramunicipales necesarias para el correcto desempe\u00f1o de sus atribuciones, para lo cual, hace falta es que, el Honorable Ayuntamiento de Xalapa lo decida en Cabildo y realice la solicitud pertinente al H. Congreso del Estado de Veracruz&#8221;.<\/p>\n\n\n\n<p>Por lo anterior dijo que tienen la esperanza de que \u00e9sto ocurra pronto ya que las personas en condici\u00f3n de discapacidad no pueden seguir siendo invisibilizadas por parte de los gobiernos, requieren de manera urgente que sus Derechos Humanos sean garatizados por las autoridades de todos los \u00f3rganos de gobierno.<\/p>\n\n\n\n<p>&#8220;Dada la tan terrible declaraci\u00f3n de Cuitl\u00e1huac Garc\u00eda, la maestra Rosaura Demuner directora de la asociaci\u00f3n Crece autismo y discapacidad intelectual le env\u00eda un mensaje a nuestro gobernador&#8221;, se\u00f1al\u00f3.<\/p>\n\n\n\n<p>El mensaje es el siguiente: \u201cEs importante y urgente se informe acerca de lo que es y no es el autismo, el pasado 2 de abril se conmemor\u00f3 el d\u00eda internacional de la concienciaci\u00f3n del autismo. Por lo que es importante mencionar que no es una enfermedad, si no un trastorno del desarrollo neurol\u00f3gico. Tampoco es un padecimiento, lo que si se padece es la desinformaci\u00f3n y falta de oportunidades&#8221;.<\/p>\n","protected":false},"excerpt":{"rendered":"<p>Dar\u00edo Pale Xalapa, Ver.- La maestra Karina Mart\u00ednez Vera presidenta del Instituto Mexicano de Investigaci\u00f3n y Desarrollo Integral IMIDI A.C., le aclar\u00f3 al gobernador que el autismo no es una enfermedad, adem\u00e1s de que contin\u00faan solicitando a las autoridades municipales la creaci\u00f3n del Instituto Municipal Especializado para la inclusi\u00f3n de las personas en condici\u00f3n de [&hellip;]<\/p>\n","protected":false},"author":1,"featured_media":25663,"comment_status":"open","ping_status":"open","sticky":false,"template":"","format":"standard","meta":{"_jetpack_memberships_contains_paid_content":false,"footnotes":""},"categories":[3],"tags":[],"class_list":["post-25662","post","type-post","status-publish","format-standard","has-post-thumbnail","hentry","category-xalapa"],"jetpack_featured_media_url":"https:\/\/encuentroinformativo.com.mx\/wp-content\/uploads\/2022\/04\/9F777569-A017-449D-8124-083DC31FB3A0.jpeg","jetpack_sharing_enabled":true,"jetpack_likes_enabled":true,"amp_enabled":true,"_links":{"self":[{"href":"https:\/\/encuentroinformativo.com.mx\/index.php?rest_route=\/wp\/v2\/posts\/25662","targetHints":{"allow":["GET"]}}],"collection":[{"href":"https:\/\/encuentroinformativo.com.mx\/index.php?rest_route=\/wp\/v2\/posts"}],"about":[{"href":"https:\/\/encuentroinformativo.com.mx\/index.php?rest_route=\/wp\/v2\/types\/post"}],"author":[{"embeddable":true,"href":"https:\/\/encuentroinformativo.com.mx\/index.php?rest_route=\/wp\/v2\/users\/1"}],"replies":[{"embeddable":true,"href":"https:\/\/encuentroinformativo.com.mx\/index.php?rest_route=%2Fwp%2Fv2%2Fcomments&post=25662"}],"version-history":[{"count":1,"href":"https:\/\/encuentroinformativo.com.mx\/index.php?rest_route=\/wp\/v2\/posts\/25662\/revisions"}],"predecessor-version":[{"id":25664,"href":"https:\/\/encuentroinformativo.com.mx\/index.php?rest_route=\/wp\/v2\/posts\/25662\/revisions\/25664"}],"wp:featuredmedia":[{"embeddable":true,"href":"https:\/\/encuentroinformativo.com.mx\/index.php?rest_route=\/wp\/v2\/media\/25663"}],"wp:attachment":[{"href":"https:\/\/encuentroinformativo.com.mx\/index.php?rest_route=%2Fwp%2Fv2%2Fmedia&parent=25662"}],"wp:term":[{"taxonomy":"category","embeddable":true,"href":"https:\/\/encuentroinformativo.com.mx\/index.php?rest_route=%2Fwp%2Fv2%2Fcategories&post=25662"},{"taxonomy":"post_tag","embeddable":true,"href":"https:\/\/encuentroinformativo.com.mx\/index.php?rest_route=%2Fwp%2Fv2%2Ftags&post=25662"}],"curies":[{"name":"wp","href":"https:\/\/api.w.org\/{rel}","templated":true}]}}