{"id":25671,"date":"2022-04-07T14:04:51","date_gmt":"2022-04-07T19:04:51","guid":{"rendered":"https:\/\/encuentroinformativo.com.mx\/?p=25671"},"modified":"2022-04-07T14:04:54","modified_gmt":"2022-04-07T19:04:54","slug":"solicitan-a-diputados-aprobar-modificaciones-a-reforma-electrica","status":"publish","type":"post","link":"https:\/\/encuentroinformativo.com.mx\/?p=25671","title":{"rendered":"Solicitan a diputados aprobar modificaciones a Reforma El\u00e9ctrica"},"content":{"rendered":"\n<p><strong>Dar\u00edo Pale <\/strong><\/p>\n\n\n\n<p>Xalapa, Ver.- Jorge Morales Barradas secretario general de la Asociaci\u00f3n Civil &#8220;La Leyenda de Chucho el Roto&#8221;, y vocero del movimiento de Resistencia Civil, se\u00f1al\u00f3 que si los diputados no aprueban la ley de la energ\u00eda el\u00e9ctrica con las modificaciones que est\u00e1n solicitando pasar\u00edan como traidores de la patria.<\/p>\n\n\n\n<p>En conferencia de prensa, se\u00f1al\u00f3 que desde el d\u00eda lunes la contrarreforma la est\u00e1n analizando las comisiones unidas de energ\u00eda y de acuerdos constitucionales, ya que el d\u00eda de hoy pasar\u00e1 al pleno para ser destinada a las fracciones parlamentarias para su an\u00e1lisis, aclar\u00f3 que no es para su aprobaci\u00f3n.<\/p>\n\n\n\n<p>Coment\u00f3 que desde el d\u00eda 17 de marzo est\u00e1n pendientes y llevan toda la documentaci\u00f3n de todos los puntos a tratar como son la energ\u00eda el\u00e9ctrica como derecho humano para toda la Rep\u00fablica Mexicana, el an\u00e1lisis real de las tarifas el\u00e9ctricas para tener un costo justo o preferencial.<\/p>\n\n\n\n<p>Dio a conocer que el d\u00eda 18 el coordinador de la fracci\u00f3n parlamentaria de Morena anunci\u00f3 que dos de los puntos que hab\u00edan plasmado, estaban siendo analizados por las fracciones parlamentarias uno de ellos es el que se considerar\u00e1 la energ\u00eda el\u00e9ctrica como un derecho humano y la reclasificaci\u00f3n de las tarifas el\u00e9ctricas.<\/p>\n\n\n\n<p>Tambi\u00e9n est\u00e1n solicitando que se incluyan a los micros y peque\u00f1os empresarios al igual que al campo ya que hay unas tienditas cerradas ya que no les alcanza para pagar la luz y la renta o come su familia, y tambi\u00e9n tengan una tarifa baja.<\/p>\n\n\n\n<p>Finalmente se\u00f1al\u00f3 que pase lo que pase continuar\u00e1n luchando ya que tienen m\u00e1s de 15 a\u00f1os luchando y continuar\u00e1n puntualizando estos temas y no claudicar\u00e1n y por el bien de los diputados y del pa\u00eds ya que de lo contrario pasaran como traidores a la patria. <\/p>\n","protected":false},"excerpt":{"rendered":"<p>Dar\u00edo Pale Xalapa, Ver.- Jorge Morales Barradas secretario general de la Asociaci\u00f3n Civil &#8220;La Leyenda de Chucho el Roto&#8221;, y vocero del movimiento de Resistencia Civil, se\u00f1al\u00f3 que si los diputados no aprueban la ley de la energ\u00eda el\u00e9ctrica con las modificaciones que est\u00e1n solicitando pasar\u00edan como traidores de la patria. En conferencia de prensa, [&hellip;]<\/p>\n","protected":false},"author":1,"featured_media":25672,"comment_status":"open","ping_status":"open","sticky":false,"template":"","format":"standard","meta":{"_jetpack_memberships_contains_paid_content":false,"footnotes":""},"categories":[3],"tags":[],"class_list":["post-25671","post","type-post","status-publish","format-standard","has-post-thumbnail","hentry","category-xalapa"],"jetpack_featured_media_url":"https:\/\/encuentroinformativo.com.mx\/wp-content\/uploads\/2022\/04\/D42A2230-EE09-4AF3-9D8B-E8979F3534DC.jpeg","jetpack_sharing_enabled":true,"jetpack_likes_enabled":true,"amp_enabled":true,"_links":{"self":[{"href":"https:\/\/encuentroinformativo.com.mx\/index.php?rest_route=\/wp\/v2\/posts\/25671","targetHints":{"allow":["GET"]}}],"collection":[{"href":"https:\/\/encuentroinformativo.com.mx\/index.php?rest_route=\/wp\/v2\/posts"}],"about":[{"href":"https:\/\/encuentroinformativo.com.mx\/index.php?rest_route=\/wp\/v2\/types\/post"}],"author":[{"embeddable":true,"href":"https:\/\/encuentroinformativo.com.mx\/index.php?rest_route=\/wp\/v2\/users\/1"}],"replies":[{"embeddable":true,"href":"https:\/\/encuentroinformativo.com.mx\/index.php?rest_route=%2Fwp%2Fv2%2Fcomments&post=25671"}],"version-history":[{"count":1,"href":"https:\/\/encuentroinformativo.com.mx\/index.php?rest_route=\/wp\/v2\/posts\/25671\/revisions"}],"predecessor-version":[{"id":25673,"href":"https:\/\/encuentroinformativo.com.mx\/index.php?rest_route=\/wp\/v2\/posts\/25671\/revisions\/25673"}],"wp:featuredmedia":[{"embeddable":true,"href":"https:\/\/encuentroinformativo.com.mx\/index.php?rest_route=\/wp\/v2\/media\/25672"}],"wp:attachment":[{"href":"https:\/\/encuentroinformativo.com.mx\/index.php?rest_route=%2Fwp%2Fv2%2Fmedia&parent=25671"}],"wp:term":[{"taxonomy":"category","embeddable":true,"href":"https:\/\/encuentroinformativo.com.mx\/index.php?rest_route=%2Fwp%2Fv2%2Fcategories&post=25671"},{"taxonomy":"post_tag","embeddable":true,"href":"https:\/\/encuentroinformativo.com.mx\/index.php?rest_route=%2Fwp%2Fv2%2Ftags&post=25671"}],"curies":[{"name":"wp","href":"https:\/\/api.w.org\/{rel}","templated":true}]}}