{"id":25680,"date":"2022-04-07T14:45:18","date_gmt":"2022-04-07T19:45:18","guid":{"rendered":"https:\/\/encuentroinformativo.com.mx\/?p=25680"},"modified":"2022-04-07T14:45:21","modified_gmt":"2022-04-07T19:45:21","slug":"habra-ley-seca-en-veracruz-gobernador","status":"publish","type":"post","link":"https:\/\/encuentroinformativo.com.mx\/?p=25680","title":{"rendered":"Habr\u00e1 Ley Seca en Veracruz: Gobernador"},"content":{"rendered":"\n<p><strong>Dar\u00edo Pale <\/strong><\/p>\n\n\n\n<p>Xalapa, Ver.- El gobernador del estado Cuitl\u00e1huac Garc\u00eda Jim\u00e9nez dio a conocer que en Veracruz habr\u00e1 Ley Seca para la consulta excepto en hoteles y restaurantes que ofrecen alimentos con bebidas alcoh\u00f3licas.<\/p>\n\n\n\n<p>En entrevista se\u00f1al\u00f3 que s\u00ed habr\u00e1 <strong>Ley Seca <\/strong>para celebrar la consulta por la revocaci\u00f3n de mandato, este domingo 10 de abril y que este jueves se publicar\u00e1 el decreto respectivo.<\/p>\n\n\n\n<p>Se\u00f1al\u00f3 que ya se reunieron de manera virtual los titulares de las dependencias de Protecci\u00f3n Civil, Salud, Turismo y Desarrollo Econ\u00f3mico, por lo que determinaron que la Ley Seca se aplicar\u00e1 del s\u00e1bado 9, a partir de las 23:00 horas al domingo 10 de abril a las 19:00 horas en todo el Estado.<\/p>\n\n\n\n<p>Aclar\u00f3 que quedan exentos de la Ley los restaurantes y hoteles donde se ofrecen alimentos acompa\u00f1ados de bebidas alcoh\u00f3licas en zonas tur\u00edsticas.<\/p>\n\n\n\n<p>Finalmente coment\u00f3 que, &#8220;restaurantes y hoteles donde la venta es con alimentos quedan exentos, los dem\u00e1s quedan en la restricci\u00f3n&#8221;.<\/p>\n","protected":false},"excerpt":{"rendered":"<p>Dar\u00edo Pale Xalapa, Ver.- El gobernador del estado Cuitl\u00e1huac Garc\u00eda Jim\u00e9nez dio a conocer que en Veracruz habr\u00e1 Ley Seca para la consulta excepto en hoteles y restaurantes que ofrecen alimentos con bebidas alcoh\u00f3licas. En entrevista se\u00f1al\u00f3 que s\u00ed habr\u00e1 Ley Seca para celebrar la consulta por la revocaci\u00f3n de mandato, este domingo 10 de [&hellip;]<\/p>\n","protected":false},"author":1,"featured_media":25681,"comment_status":"open","ping_status":"open","sticky":false,"template":"","format":"standard","meta":{"_jetpack_memberships_contains_paid_content":false,"footnotes":""},"categories":[2],"tags":[],"class_list":["post-25680","post","type-post","status-publish","format-standard","has-post-thumbnail","hentry","category-estado"],"jetpack_featured_media_url":"https:\/\/encuentroinformativo.com.mx\/wp-content\/uploads\/2022\/04\/542B1038-C37B-439F-B824-FBFD1258DA1B.jpeg","jetpack_sharing_enabled":true,"jetpack_likes_enabled":true,"amp_enabled":true,"_links":{"self":[{"href":"https:\/\/encuentroinformativo.com.mx\/index.php?rest_route=\/wp\/v2\/posts\/25680","targetHints":{"allow":["GET"]}}],"collection":[{"href":"https:\/\/encuentroinformativo.com.mx\/index.php?rest_route=\/wp\/v2\/posts"}],"about":[{"href":"https:\/\/encuentroinformativo.com.mx\/index.php?rest_route=\/wp\/v2\/types\/post"}],"author":[{"embeddable":true,"href":"https:\/\/encuentroinformativo.com.mx\/index.php?rest_route=\/wp\/v2\/users\/1"}],"replies":[{"embeddable":true,"href":"https:\/\/encuentroinformativo.com.mx\/index.php?rest_route=%2Fwp%2Fv2%2Fcomments&post=25680"}],"version-history":[{"count":1,"href":"https:\/\/encuentroinformativo.com.mx\/index.php?rest_route=\/wp\/v2\/posts\/25680\/revisions"}],"predecessor-version":[{"id":25682,"href":"https:\/\/encuentroinformativo.com.mx\/index.php?rest_route=\/wp\/v2\/posts\/25680\/revisions\/25682"}],"wp:featuredmedia":[{"embeddable":true,"href":"https:\/\/encuentroinformativo.com.mx\/index.php?rest_route=\/wp\/v2\/media\/25681"}],"wp:attachment":[{"href":"https:\/\/encuentroinformativo.com.mx\/index.php?rest_route=%2Fwp%2Fv2%2Fmedia&parent=25680"}],"wp:term":[{"taxonomy":"category","embeddable":true,"href":"https:\/\/encuentroinformativo.com.mx\/index.php?rest_route=%2Fwp%2Fv2%2Fcategories&post=25680"},{"taxonomy":"post_tag","embeddable":true,"href":"https:\/\/encuentroinformativo.com.mx\/index.php?rest_route=%2Fwp%2Fv2%2Ftags&post=25680"}],"curies":[{"name":"wp","href":"https:\/\/api.w.org\/{rel}","templated":true}]}}