{"id":25683,"date":"2022-04-07T17:44:30","date_gmt":"2022-04-07T22:44:30","guid":{"rendered":"https:\/\/encuentroinformativo.com.mx\/?p=25683"},"modified":"2022-04-07T17:44:33","modified_gmt":"2022-04-07T22:44:33","slug":"alcalde-jm-unanue-toma-protesta-a-integrantes-del-consejo-municipal-de-desarrollo-economico","status":"publish","type":"post","link":"https:\/\/encuentroinformativo.com.mx\/?p=25683","title":{"rendered":"Alcalde JM Un\u00e1nue toma protesta a integrantes del Consejo Municipal de Desarrollo Econ\u00f3mico"},"content":{"rendered":"\n<p><strong>*Destac\u00f3 que la suma de ideas y la coordinaci\u00f3n con los distintos sectores de la sociedad enriquecer\u00e1 la labor de su gobierno para seguir consolidando a Boca del R\u00edo como lo mejor de Veracruz.<\/strong><\/p>\n\n\n\n<p><strong>*El Alcalde hace la presentaci\u00f3n del eje de Desarrollo Econ\u00f3mico de su Plan Municipal de Desarrollo<\/strong>.<\/p>\n\n\n\n<p>Boca del R\u00edo, Ver.- Posterior a la presentaci\u00f3n del eje de Desarrollo Econ\u00f3mico para integrar su Plan Municipal, el alcalde Juan Manuel Un\u00e1nue Abascal, tom\u00f3 protesta a los integrantes del Consejo Ciudadano de Desarrollo Econ\u00f3mico del municipio, destacando que la suma de ideas y la coordinaci\u00f3n con los distintos sectores de la sociedad enriquecer\u00e1 la labor de su gobierno para seguir consolidando a Boca del R\u00edo como lo mejor de Veracruz.<\/p>\n\n\n\n<p>Este consejo qued\u00f3 integrado por Antonio Ram\u00f3n Chedraui Bolado, Sof\u00eda Barr\u00eda Hern\u00e1ndez, Sara Montagner, Alice Siadous Ayala, Adriana Gisela Gonz\u00e1lez Gir\u00f3n, Mar\u00eda Rebeca Gonz\u00e1lez Silva, Marcel Van Eyck, Santiago Caram\u00e9s, Carlos Ra\u00fal Vel\u00e1zquez y como secretario t\u00e9cnico Jos\u00e9 Salvatori Bronca.<\/p>\n\n\n\n<p>El mun\u00edcipe boque\u00f1o afirm\u00f3 que en su administraci\u00f3n se ha propuesto impulsar el desarrollo econ\u00f3mico y tur\u00edstico de la ciudad implementando pol\u00edticas de promoci\u00f3n y vinculaci\u00f3n de las actividades econ\u00f3micas en la regi\u00f3n, para generar m\u00e1s fuentes de empleo.<\/p>\n\n\n\n<p>Dijo que el gran reto es la suma de esfuerzos con el sector privado, promoviendo la innovaci\u00f3n tecnol\u00f3gica, la competitividad empresarial y el emprendimiento, con el objetivo de alcanzar condiciones de bienestar para todos los habitantes de esta ciudad, sin importar d\u00f3nde vivan o por d\u00f3nde transiten.<\/p>\n\n\n\n<p>Afirm\u00f3 Un\u00e1nue que esto ha generado un impacto positivo en la calidad de vida y ha posicionado a la ciudad como un polo de desarrollo, generador de empleos y condiciones de bienestar, tanto para los habitantes de la ciudad como de la poblaci\u00f3n flotante que viene a la ciudad en busca de oportunidades.<\/p>\n\n\n\n<p>Manifest\u00f3 que lo anterior tambi\u00e9n es consecuencia del bajo \u00edndice delictivo y de marginaci\u00f3n, que convierten a la ciudad de Boca del R\u00edo en la mejor ciudad para vivir en Veracruz y atraer al turismo.<\/p>\n\n\n\n<p>Dijo que para fortalecer la reactivaci\u00f3n econ\u00f3mica post-pandemia, el gobierno municipal debe apoyar y agilizar los procesos para la apertura de nuevas empresas, el autoempleo, la capacitaci\u00f3n especializada que empodere a las mujeres y sectores vulnerables, y asegur\u00f3 que para lograr un crecimiento comercial y tur\u00edstico sostenible en medio de la incertidumbre causada por la crisis sanitaria, se debe dar impulso a la innovaci\u00f3n.<\/p>\n","protected":false},"excerpt":{"rendered":"<p>*Destac\u00f3 que la suma de ideas y la coordinaci\u00f3n con los distintos sectores de la sociedad enriquecer\u00e1 la labor de su gobierno para seguir consolidando a Boca del R\u00edo como lo mejor de Veracruz. *El Alcalde hace la presentaci\u00f3n del eje de Desarrollo Econ\u00f3mico de su Plan Municipal de Desarrollo. Boca del R\u00edo, Ver.- Posterior [&hellip;]<\/p>\n","protected":false},"author":1,"featured_media":25684,"comment_status":"open","ping_status":"open","sticky":false,"template":"","format":"standard","meta":{"_jetpack_memberships_contains_paid_content":false,"footnotes":""},"categories":[2],"tags":[],"class_list":["post-25683","post","type-post","status-publish","format-standard","has-post-thumbnail","hentry","category-estado"],"jetpack_featured_media_url":"https:\/\/encuentroinformativo.com.mx\/wp-content\/uploads\/2022\/04\/FB34BC51-EF93-4031-AB19-94AA6FE39942.jpeg","jetpack_sharing_enabled":true,"jetpack_likes_enabled":true,"amp_enabled":true,"_links":{"self":[{"href":"https:\/\/encuentroinformativo.com.mx\/index.php?rest_route=\/wp\/v2\/posts\/25683","targetHints":{"allow":["GET"]}}],"collection":[{"href":"https:\/\/encuentroinformativo.com.mx\/index.php?rest_route=\/wp\/v2\/posts"}],"about":[{"href":"https:\/\/encuentroinformativo.com.mx\/index.php?rest_route=\/wp\/v2\/types\/post"}],"author":[{"embeddable":true,"href":"https:\/\/encuentroinformativo.com.mx\/index.php?rest_route=\/wp\/v2\/users\/1"}],"replies":[{"embeddable":true,"href":"https:\/\/encuentroinformativo.com.mx\/index.php?rest_route=%2Fwp%2Fv2%2Fcomments&post=25683"}],"version-history":[{"count":1,"href":"https:\/\/encuentroinformativo.com.mx\/index.php?rest_route=\/wp\/v2\/posts\/25683\/revisions"}],"predecessor-version":[{"id":25685,"href":"https:\/\/encuentroinformativo.com.mx\/index.php?rest_route=\/wp\/v2\/posts\/25683\/revisions\/25685"}],"wp:featuredmedia":[{"embeddable":true,"href":"https:\/\/encuentroinformativo.com.mx\/index.php?rest_route=\/wp\/v2\/media\/25684"}],"wp:attachment":[{"href":"https:\/\/encuentroinformativo.com.mx\/index.php?rest_route=%2Fwp%2Fv2%2Fmedia&parent=25683"}],"wp:term":[{"taxonomy":"category","embeddable":true,"href":"https:\/\/encuentroinformativo.com.mx\/index.php?rest_route=%2Fwp%2Fv2%2Fcategories&post=25683"},{"taxonomy":"post_tag","embeddable":true,"href":"https:\/\/encuentroinformativo.com.mx\/index.php?rest_route=%2Fwp%2Fv2%2Ftags&post=25683"}],"curies":[{"name":"wp","href":"https:\/\/api.w.org\/{rel}","templated":true}]}}