{"id":25691,"date":"2022-04-08T09:20:44","date_gmt":"2022-04-08T14:20:44","guid":{"rendered":"https:\/\/encuentroinformativo.com.mx\/?p=25691"},"modified":"2022-04-08T09:20:48","modified_gmt":"2022-04-08T14:20:48","slug":"amlo-vs-loret","status":"publish","type":"post","link":"https:\/\/encuentroinformativo.com.mx\/?p=25691","title":{"rendered":"AMLO vs Loret"},"content":{"rendered":"\n<p><strong>Los Pol\u00edticos<\/strong><\/p>\n\n\n\n<p><strong>Salvador Mu\u00f1oz<\/strong><\/p>\n\n\n\n<p>A como van las cosas, un d\u00eda de estos Cuitl\u00e1huac amanece \u201cencuerando\u201d a un periodista\u2026 por favor, no sea mal pensado, pero as\u00ed como es dado a seguir al pie de la letra (para no poner \u201cimitar\u201d) todo lo que hace y dice su triple P (Padre Putativo Pol\u00edtico), capaz que busca en Veracruz su \u201cn\u00e9mesis period\u00edstica\u201d para entonces exhibir casa, autos, cuentas, viajes, que el de los medios tenga\u2026<\/p>\n\n\n\n<p>Lo comento porque sorprendi\u00f3 el \u00e9nfasis investigativo (o \u201cinvengativo\u201d) que tiene el presidente L\u00f3pez Obrador para con el periodista Carlos Loret de Mola al sacarle sus trapitos al sol, o m\u00e1s bien exponer sus \u201cdepas\u201d ante la opini\u00f3n p\u00fablica.<\/p>\n\n\n\n<p>De acuerdo a lo expuesto por Ignacio Morales Lechuga, el presidente filtr\u00f3 una informaci\u00f3n certera en el caso de un departamento en Miami, entendiendo lo certero, desde dos \u00e1ngulos:<\/p>\n\n\n\n<p>A.- Certera de Cierta.<\/p>\n\n\n\n<p>B.- Y Certera de que logr\u00f3 su \u201cobjetivo\u201d.<\/p>\n\n\n\n<p>\u00bfCu\u00e1l? Tratar de deslegitimar a Carlos Loret de Mola. Por supuesto, esto, acompa\u00f1ado de un equipo de difusi\u00f3n en redes incre\u00edble que se puso a desquitar \u201cel chayo\u201d&#8230; digo, hablando en t\u00e9rminos period\u00edstico-gobierno\u2026<\/p>\n\n\n\n<p>Aunque tambi\u00e9n hay que entender algo: Alberto Loret de Mola es una cosa; los trabajos period\u00edsticos de Loret de Mola, son otra.<\/p>\n\n\n\n<p>Todo ese \u00e9nfasis que pone el Presidente a un periodista es ya materia de an\u00e1lisis pol\u00edtico por cualquier lado que se le vea\u2026 primero, porque uno ya se pone a dudar si L\u00f3pez Obrador baja al nivel de Carlos Loret de Mola para entrar a un debate de bienes ra\u00edces; o L\u00f3pez Obrador sube al nivel de Carlos Loret de Mola para entrar a un debate de periodismo de investigaci\u00f3n.<\/p>\n\n\n\n<p>En cualquiera de las dos posturas, s\u00f3lo hay un perdedor y no es el periodista. \u00bfPor qu\u00e9? Muy f\u00e1cil, porque los mexicanos pierden a un Presidente que entra a pugnas que a la mayor\u00eda de los ciudadanos, los de a pie, \u00e9sos a los que acude AMLO y por los que aboga cada vez que tuerce la Ley, no les interesa. Digo, no les interesa si tiene o no tiene Loret de Mola uno, dos, o varios depas a menos que haya pruebas de que hay algo sucio, oscuro, escandaloso en su adquisici\u00f3n\u2026<\/p>\n\n\n\n<p>No s\u00e9 hasta qu\u00e9 grado gana Loret de Mola, pero de que gana, gana, porque sin que sea Santo de mi devoci\u00f3n, no dejo de reconocer que es un periodista que fue capaz de sacudir a un Presidente a tal grado de que en sus ma\u00f1aneras, la atenci\u00f3n est\u00e9 puesta en \u00e9l y no en los logros, avances, progresos, alcances de un gobierno\u2026<\/p>\n\n\n\n<p>Hemos de entender que L\u00f3pez Obrador no estuvo investigando personalmente a Carlos Loret de Mola, sino que es seguro que puso a un equipo de personas a hurgar en las diferentes instancias, dependencias y oficinas donde apareciera el nombre del periodista\u2026 \u00bfven a d\u00f3nde voy? S\u00ed\u2026 algo as\u00ed como cuando un Jefe de Oficina le pide a un subalterno que le haga la tarea a su hijo de primaria, secundaria o prepa\u2026 o cuando el encargado de seguridad es mandado por la despensa familiar\u2026 o cuando el empleado es llevado a m\u00edtines contra su voluntad\u2026 vamos, una especie de desv\u00edo de recursos humanos, pues!<\/p>\n\n\n\n<p>Ojal\u00e1 que ese mismo \u00e9nfasis que le pone el Presidente a la hora de violar el Estado Constitucional de Derecho y la Legalidad, lo pusiera en respetar la Ley\u2026 porque por actos como los que comete, sus huestes los pueden tomar de ejemplo y as\u00ed, un d\u00eda, encontrarnos a Cuitl\u00e1huac \u201cencuerando\u201d a un periodista\u2026<\/p>\n\n\n\n<p><a href=\"mailto:smcainito@gmail.com\" target=\"_blank\" rel=\"noreferrer noopener\">smcainito@gmail.com<\/a><\/p>\n","protected":false},"excerpt":{"rendered":"<p>Los Pol\u00edticos Salvador Mu\u00f1oz A como van las cosas, un d\u00eda de estos Cuitl\u00e1huac amanece \u201cencuerando\u201d a un periodista\u2026 por favor, no sea mal pensado, pero as\u00ed como es dado a seguir al pie de la letra (para no poner \u201cimitar\u201d) todo lo que hace y dice su triple P (Padre Putativo Pol\u00edtico), capaz que [&hellip;]<\/p>\n","protected":false},"author":1,"featured_media":387,"comment_status":"open","ping_status":"open","sticky":false,"template":"","format":"standard","meta":{"_jetpack_memberships_contains_paid_content":false,"footnotes":""},"categories":[11],"tags":[],"class_list":["post-25691","post","type-post","status-publish","format-standard","has-post-thumbnail","hentry","category-opinion"],"jetpack_featured_media_url":"https:\/\/encuentroinformativo.com.mx\/wp-content\/uploads\/2020\/03\/7CF8A22B-2764-47BE-8F7F-38FE9E5D6A2F.jpeg","jetpack_sharing_enabled":true,"jetpack_likes_enabled":true,"amp_enabled":true,"_links":{"self":[{"href":"https:\/\/encuentroinformativo.com.mx\/index.php?rest_route=\/wp\/v2\/posts\/25691","targetHints":{"allow":["GET"]}}],"collection":[{"href":"https:\/\/encuentroinformativo.com.mx\/index.php?rest_route=\/wp\/v2\/posts"}],"about":[{"href":"https:\/\/encuentroinformativo.com.mx\/index.php?rest_route=\/wp\/v2\/types\/post"}],"author":[{"embeddable":true,"href":"https:\/\/encuentroinformativo.com.mx\/index.php?rest_route=\/wp\/v2\/users\/1"}],"replies":[{"embeddable":true,"href":"https:\/\/encuentroinformativo.com.mx\/index.php?rest_route=%2Fwp%2Fv2%2Fcomments&post=25691"}],"version-history":[{"count":1,"href":"https:\/\/encuentroinformativo.com.mx\/index.php?rest_route=\/wp\/v2\/posts\/25691\/revisions"}],"predecessor-version":[{"id":25692,"href":"https:\/\/encuentroinformativo.com.mx\/index.php?rest_route=\/wp\/v2\/posts\/25691\/revisions\/25692"}],"wp:featuredmedia":[{"embeddable":true,"href":"https:\/\/encuentroinformativo.com.mx\/index.php?rest_route=\/wp\/v2\/media\/387"}],"wp:attachment":[{"href":"https:\/\/encuentroinformativo.com.mx\/index.php?rest_route=%2Fwp%2Fv2%2Fmedia&parent=25691"}],"wp:term":[{"taxonomy":"category","embeddable":true,"href":"https:\/\/encuentroinformativo.com.mx\/index.php?rest_route=%2Fwp%2Fv2%2Fcategories&post=25691"},{"taxonomy":"post_tag","embeddable":true,"href":"https:\/\/encuentroinformativo.com.mx\/index.php?rest_route=%2Fwp%2Fv2%2Ftags&post=25691"}],"curies":[{"name":"wp","href":"https:\/\/api.w.org\/{rel}","templated":true}]}}