{"id":25699,"date":"2022-04-08T11:53:58","date_gmt":"2022-04-08T16:53:58","guid":{"rendered":"https:\/\/encuentroinformativo.com.mx\/?p=25699"},"modified":"2022-04-08T11:54:01","modified_gmt":"2022-04-08T16:54:01","slug":"no-habra-ley-seca-en-zona-conurbada","status":"publish","type":"post","link":"https:\/\/encuentroinformativo.com.mx\/?p=25699","title":{"rendered":"No habr\u00e1 Ley Seca en zona conurbada"},"content":{"rendered":"\n<p><strong>Alejandro \u00c1vila<\/strong><\/p>\n\n\n\n<p>Veracruz, Ver.- Los alcaldes de Veracruz y Boca del R\u00edo definieron este jueves por la noche que, durante el fin de semana donde se celebra la Consulta Popular de Revocaci\u00f3n de Mandato no habr\u00e1 Ley Seca en ambos municipios.<\/p>\n\n\n\n<p>Patricia Lobeira Rodr\u00edguez y Juan Manuel Unanue Abascal informaron que, tras el anuncio del gobernador Cuitl\u00e1huac Garc\u00eda Jim\u00e9nez, sobre no afectar las zonas tur\u00edsticas, decidieron eliminar la Ley Seca en la zona conurbada.<\/p>\n\n\n\n<p>El resto de los municipios a\u00fan est\u00e1n por definir su participaci\u00f3n en la Ley Seca, tal como lo solicit\u00f3 el Gobierno del Estado, que ser\u00eda de las 23 horas del d\u00eda s\u00e1bado 9 de abril, a las 19 horas del d\u00eda domingo 10 de abril.<\/p>\n\n\n\n<p>&#8220;Aplicaba para negocios d\u00f3nde se vendiera alimento, tiendas de conveniencia, en nosotros, no va a haber, todo va a ser normal&#8221;, dijo Lobeira Rodr\u00edguez.<\/p>\n\n\n\n<p>&#8220;Hay que apoyar a los empresarios qu\u00e9 se dedican a este tipo de giros, yo creo que como dec\u00eda la presidenta municipal de Veracruz, los propietarios y empleados de todos estos comercios espera estas fechas, 2 a\u00f1os que han sido fuertemente golpeados, no nada m\u00e1s por el tema de salud, sino por el tema econ\u00f3mico, todos lo hemos visto, y es importante apoyar a todos los empresarios y a los trabajadores veracruzanos y boque\u00f1os, y lo m\u00e1s importante es que estamos preparados para recibir el turismo&#8221;, se\u00f1al\u00f3 Unanue Abascal.<\/p>\n\n\n\n<p>Este viernes por la ma\u00f1ana cerca del muelle de la T y en compa\u00f1\u00eda qu\u00e9 autoridades de la Secretar\u00eda de Marina, se dio el &#8220;banderazo&#8221; del Operativo Semana Santa 2022, donde participar\u00e1n fuerzas del orden de los tres entes de gobierno.<\/p>\n\n\n\n<p>Los municipios de Veracruz Boca del R\u00edo se declaran listos para brindar seguridad a todos los turistas qu\u00e9 acudan a las playas y otros centros recreativos, durante la Semana Santa 2022.<\/p>\n","protected":false},"excerpt":{"rendered":"<p>Alejandro \u00c1vila Veracruz, Ver.- Los alcaldes de Veracruz y Boca del R\u00edo definieron este jueves por la noche que, durante el fin de semana donde se celebra la Consulta Popular de Revocaci\u00f3n de Mandato no habr\u00e1 Ley Seca en ambos municipios. Patricia Lobeira Rodr\u00edguez y Juan Manuel Unanue Abascal informaron que, tras el anuncio del [&hellip;]<\/p>\n","protected":false},"author":1,"featured_media":25700,"comment_status":"open","ping_status":"open","sticky":false,"template":"","format":"standard","meta":{"_jetpack_memberships_contains_paid_content":false,"footnotes":""},"categories":[2],"tags":[],"class_list":["post-25699","post","type-post","status-publish","format-standard","has-post-thumbnail","hentry","category-estado"],"jetpack_featured_media_url":"https:\/\/encuentroinformativo.com.mx\/wp-content\/uploads\/2022\/04\/D3DE5998-4729-4A3B-827C-537F6AB1AB35.jpeg","jetpack_sharing_enabled":true,"jetpack_likes_enabled":true,"amp_enabled":true,"_links":{"self":[{"href":"https:\/\/encuentroinformativo.com.mx\/index.php?rest_route=\/wp\/v2\/posts\/25699","targetHints":{"allow":["GET"]}}],"collection":[{"href":"https:\/\/encuentroinformativo.com.mx\/index.php?rest_route=\/wp\/v2\/posts"}],"about":[{"href":"https:\/\/encuentroinformativo.com.mx\/index.php?rest_route=\/wp\/v2\/types\/post"}],"author":[{"embeddable":true,"href":"https:\/\/encuentroinformativo.com.mx\/index.php?rest_route=\/wp\/v2\/users\/1"}],"replies":[{"embeddable":true,"href":"https:\/\/encuentroinformativo.com.mx\/index.php?rest_route=%2Fwp%2Fv2%2Fcomments&post=25699"}],"version-history":[{"count":1,"href":"https:\/\/encuentroinformativo.com.mx\/index.php?rest_route=\/wp\/v2\/posts\/25699\/revisions"}],"predecessor-version":[{"id":25701,"href":"https:\/\/encuentroinformativo.com.mx\/index.php?rest_route=\/wp\/v2\/posts\/25699\/revisions\/25701"}],"wp:featuredmedia":[{"embeddable":true,"href":"https:\/\/encuentroinformativo.com.mx\/index.php?rest_route=\/wp\/v2\/media\/25700"}],"wp:attachment":[{"href":"https:\/\/encuentroinformativo.com.mx\/index.php?rest_route=%2Fwp%2Fv2%2Fmedia&parent=25699"}],"wp:term":[{"taxonomy":"category","embeddable":true,"href":"https:\/\/encuentroinformativo.com.mx\/index.php?rest_route=%2Fwp%2Fv2%2Fcategories&post=25699"},{"taxonomy":"post_tag","embeddable":true,"href":"https:\/\/encuentroinformativo.com.mx\/index.php?rest_route=%2Fwp%2Fv2%2Ftags&post=25699"}],"curies":[{"name":"wp","href":"https:\/\/api.w.org\/{rel}","templated":true}]}}