{"id":25705,"date":"2022-04-08T12:04:55","date_gmt":"2022-04-08T17:04:55","guid":{"rendered":"https:\/\/encuentroinformativo.com.mx\/?p=25705"},"modified":"2022-04-08T12:04:57","modified_gmt":"2022-04-08T17:04:57","slug":"instalaran-11-modulos-de-atencion-vial-en-carreteras-de-veracruz","status":"publish","type":"post","link":"https:\/\/encuentroinformativo.com.mx\/?p=25705","title":{"rendered":"Instalar\u00e1n 11 m\u00f3dulos de atenci\u00f3n vial en carreteras de Veracruz"},"content":{"rendered":"\n<p><strong>Alejandro \u00c1vila<\/strong><\/p>\n\n\n\n<p>Veracruz, Ver.- El inspector general, Jos\u00e9 Luis Vidal Andrade, de la Polic\u00eda de Caminos detall\u00f3 que, durante la Semana Santa 2022, se instalar\u00e1n 11 m\u00f3dulos de atenci\u00f3n y apoyo vial en las carreteras del Estado de Veracruz.<\/p>\n\n\n\n<p>&#8220;Aqu\u00ed el m\u00f3dulo se va a instalar en la carretera Veracruz &#8211; C\u00f3rdoba, pero vamos a tener en Tuxpan, en Poza Rica, en Acayucan, Coatzacoalcos, Orizaba, Perote, Xalapa, ser\u00edan 11 puestos de revisi\u00f3n, de auxilio tur\u00edstico, es auxilio a la poblaci\u00f3n (\u2026) informaci\u00f3n, auxilio por alg\u00fan veh\u00edculo descompuesto, por alg\u00fan accidente o alguna otra situaci\u00f3n&#8221;, agreg\u00f3.<\/p>\n\n\n\n<p>El elemento federal recomend\u00f3 a todos los automovilistas no conducir en estado de ebriedad y respetar la se\u00f1al\u00e9tica de tr\u00e1nsito, as\u00ed como, revisar su veh\u00edculo mec\u00e1nicamente antes de salir a carretera.<\/p>\n\n\n\n<p>Vidal Andrade mencion\u00f3 que los puestos de auxilio estar\u00e1n instalados desde este mismo viernes, pues consideran ya iniciar\u00e1 el aumento de flujo vehicular durante este primer fin de semana de Semana Santa.<\/p>\n","protected":false},"excerpt":{"rendered":"<p>Alejandro \u00c1vila Veracruz, Ver.- El inspector general, Jos\u00e9 Luis Vidal Andrade, de la Polic\u00eda de Caminos detall\u00f3 que, durante la Semana Santa 2022, se instalar\u00e1n 11 m\u00f3dulos de atenci\u00f3n y apoyo vial en las carreteras del Estado de Veracruz. &#8220;Aqu\u00ed el m\u00f3dulo se va a instalar en la carretera Veracruz &#8211; C\u00f3rdoba, pero vamos a [&hellip;]<\/p>\n","protected":false},"author":1,"featured_media":25706,"comment_status":"open","ping_status":"open","sticky":false,"template":"","format":"standard","meta":{"_jetpack_memberships_contains_paid_content":false,"footnotes":""},"categories":[2],"tags":[],"class_list":["post-25705","post","type-post","status-publish","format-standard","has-post-thumbnail","hentry","category-estado"],"jetpack_featured_media_url":"https:\/\/encuentroinformativo.com.mx\/wp-content\/uploads\/2022\/04\/54B95545-8B69-4880-AC86-E6F7576B5C01.jpeg","jetpack_sharing_enabled":true,"jetpack_likes_enabled":true,"amp_enabled":true,"_links":{"self":[{"href":"https:\/\/encuentroinformativo.com.mx\/index.php?rest_route=\/wp\/v2\/posts\/25705","targetHints":{"allow":["GET"]}}],"collection":[{"href":"https:\/\/encuentroinformativo.com.mx\/index.php?rest_route=\/wp\/v2\/posts"}],"about":[{"href":"https:\/\/encuentroinformativo.com.mx\/index.php?rest_route=\/wp\/v2\/types\/post"}],"author":[{"embeddable":true,"href":"https:\/\/encuentroinformativo.com.mx\/index.php?rest_route=\/wp\/v2\/users\/1"}],"replies":[{"embeddable":true,"href":"https:\/\/encuentroinformativo.com.mx\/index.php?rest_route=%2Fwp%2Fv2%2Fcomments&post=25705"}],"version-history":[{"count":1,"href":"https:\/\/encuentroinformativo.com.mx\/index.php?rest_route=\/wp\/v2\/posts\/25705\/revisions"}],"predecessor-version":[{"id":25707,"href":"https:\/\/encuentroinformativo.com.mx\/index.php?rest_route=\/wp\/v2\/posts\/25705\/revisions\/25707"}],"wp:featuredmedia":[{"embeddable":true,"href":"https:\/\/encuentroinformativo.com.mx\/index.php?rest_route=\/wp\/v2\/media\/25706"}],"wp:attachment":[{"href":"https:\/\/encuentroinformativo.com.mx\/index.php?rest_route=%2Fwp%2Fv2%2Fmedia&parent=25705"}],"wp:term":[{"taxonomy":"category","embeddable":true,"href":"https:\/\/encuentroinformativo.com.mx\/index.php?rest_route=%2Fwp%2Fv2%2Fcategories&post=25705"},{"taxonomy":"post_tag","embeddable":true,"href":"https:\/\/encuentroinformativo.com.mx\/index.php?rest_route=%2Fwp%2Fv2%2Ftags&post=25705"}],"curies":[{"name":"wp","href":"https:\/\/api.w.org\/{rel}","templated":true}]}}