{"id":2571,"date":"2020-05-15T14:45:01","date_gmt":"2020-05-15T19:45:01","guid":{"rendered":"https:\/\/encuentroinformativo.com\/?p=2571"},"modified":"2020-05-15T14:45:05","modified_gmt":"2020-05-15T19:45:05","slug":"por-covid-19-descartan-rescate-para-universidades","status":"publish","type":"post","link":"https:\/\/encuentroinformativo.com.mx\/?p=2571","title":{"rendered":"Por Covid-19, descartan rescate para universidades"},"content":{"rendered":"\n<p><strong>Dar\u00edo Pale <\/strong><\/p>\n\n\n\n<p>Xalapa, Ver.- El secretario general de la Confederaci\u00f3n Nacional de Trabajadores Universitarios (CONTU), Enrique Levet Gorozpe, manifest\u00f3 que la Federaci\u00f3n les dio a conocer que existen muchas probabilidades de que, derivado de la crisis sanitaria por el Covid-19, no haya rescate econ\u00f3mico para las 11 universidades que se encuentran en esta situaci\u00f3n desde hace a\u00f1os y por las que se ha venido luchando.<\/p>\n\n\n\n<p>Sin embargo, asegur\u00f3 que la Confederaci\u00f3n nunca dejar\u00e1 solos a los trabajadores, de manera que, los salarios y prestaciones \u201cse tendr\u00e1n que pagar\u201d porque son derechos humanos y laborales ganados.<\/p>\n\n\n\n<p>Durante la reuni\u00f3n virtual que se llev\u00f3 a cabo este jueves con los secretarios generales de m\u00e1s de 62 universidades p\u00fablicas, el subsecretario de Educaci\u00f3n Superior, Luciano Concheiro y la directora general de Educaci\u00f3n Universitaria de la SEP, Carmen Enedina Rodr\u00edguez Armenta; se les inform\u00f3 que a partir de agosto, buscar\u00e1n con los diputados federales y en cada entidad, con los diputados locales, que se reanude el fondo U081 que otorgaba recursos para el cierre de las universidades y permit\u00eda a las universidades capitalizar su sistema pensionarios.<\/p>\n\n\n\n<p>\u201cLa CONTU sabr\u00e1 hacer las cosas en un marco de buenas relaciones, de cordialidad y apertura como las que nos est\u00e1 dando la subsecretar\u00eda de Educaci\u00f3n Superior, yo no puedo negar que las acciones que han hecho tanto el doctor Concheiro como la doctora Enedina, han sido fundamentales para resolver la problem\u00e1tica. Nosotros fijaremos estrategias que nos lleven a resolver los problemas.<\/p>\n\n\n\n<p>\u201cNo hay que amenazar a nadie, lo que podemos hacer es tener la informaci\u00f3n puntual que nos permita, a la hora de tener una convocatoria amplia del sindicalismo universitario, tomar decisiones y ya sabremos c\u00f3mo manejar las cosas\u201d, enfatiz\u00f3 y pidi\u00f3 calma adem\u00e1s de que espera y tiene confianza de que este diciembre no sea un diciembre \u201cnegro\u201d como el de otros a\u00f1os\u201d, defini\u00f3 Levet.<\/p>\n\n\n\n<p>El subsecretario Luciano Concheiro manifest\u00f3 que la actitud del gobierno federal no es evadir los problemas, por ello es que les dieron a conocer que no habr\u00e1 recursos extraordinarios.<\/p>\n\n\n\n<p>\u201cPara nadie es un secreto que es una situaci\u00f3n muy complicada y lo m\u00e1s probable y, por tanto, as\u00ed va a ser, que no haya dinero para seguir en el planteamiento que algunos llaman rescate y que nosotros le llamamos transformaci\u00f3n estructural\u201d, revel\u00f3 el subsecretario.<\/p>\n\n\n\n<p>Levet Gorozpe a\u00f1adi\u00f3 que la Subsecretar\u00eda ha estado revisando cada una de las situaciones de las universidades para encontrar una salida posible y c\u00f3mo poder enfrentar junto con los gobiernos de los estados esta situaci\u00f3n.<\/p>\n\n\n\n<p>Agreg\u00f3 que la Federaci\u00f3n pudo haber contenido esta informaci\u00f3n, sin embargo, prefiri\u00f3 \u201ccargar\u201d con el costo pol\u00edtico que la medida podr\u00eda tener.<\/p>\n\n\n\n<p>En torno al regreso a clases, Levet Gorozpe adelant\u00f3 que la Federaci\u00f3n no tiene planeado regresar a clases presenciales antes del 1 de junio a pesar de que haya municipios que no hayan tenido contagios, porque las instituciones de educaci\u00f3n superior representan conglomerados humanos y de proximidad tal, que no se permite la sana distancia y la propagaci\u00f3n del virus puede ser m\u00e1s r\u00e1pida.<\/p>\n\n\n\n<p>Y es que Concheiro detall\u00f3 que el total de integrantes del sector educativo de todo el pa\u00eds representan 42 millones de personas, es decir, poco menos de un tercio de toda la poblaci\u00f3n nacional.<\/p>\n\n\n\n<p>Mencion\u00f3 que la SEP tiene programado cerrar el ciclo escolar a mediados de junio, pero se dar\u00e1n a conocer bien las fechas y las regiones en donde haya declinado la pandemia, pero tambi\u00e9n se les inform\u00f3 que, si no se cuida la sana distancia, puede haber un rebrote, de acuerdo a lo dicho por el propio subsecretario Hugo L\u00f3pez Gatell, en el oto\u00f1o-invierno.<\/p>\n\n\n\n<p>Ser\u00e1 el pr\u00f3ximo jueves a m\u00e1s tardes, tras una reuni\u00f3n con ANUIES, que la subsecretar\u00eda dar\u00e1 a conocer una respuesta concreta sobre el regreso a la nueva normalidad, pero ser\u00e1 de manera escalonada, con las carreras que sea estrictamente necesario que regresen, las que llevan a cabo investigaciones, pr\u00e1cticas profesionales, entre otras, pero las que se puedan concluir a distancia, concluir\u00e1n a distancia, lo cual se pondr\u00e1 por escrito.<\/p>\n\n\n\n<p><\/p>\n","protected":false},"excerpt":{"rendered":"<p>Dar\u00edo Pale Xalapa, Ver.- El secretario general de la Confederaci\u00f3n Nacional de Trabajadores Universitarios (CONTU), Enrique Levet Gorozpe, manifest\u00f3 que la Federaci\u00f3n les dio a conocer que existen muchas probabilidades de que, derivado de la crisis sanitaria por el Covid-19, no haya rescate econ\u00f3mico para las 11 universidades que se encuentran en esta situaci\u00f3n desde [&hellip;]<\/p>\n","protected":false},"author":1,"featured_media":2572,"comment_status":"open","ping_status":"open","sticky":false,"template":"","format":"standard","meta":{"_jetpack_memberships_contains_paid_content":false,"footnotes":""},"categories":[2],"tags":[],"class_list":["post-2571","post","type-post","status-publish","format-standard","has-post-thumbnail","hentry","category-estado"],"jetpack_featured_media_url":"https:\/\/encuentroinformativo.com.mx\/wp-content\/uploads\/2020\/05\/3676C8E6-15E2-46CA-BE90-5EAA28297CC5.jpeg","jetpack_sharing_enabled":true,"jetpack_likes_enabled":true,"amp_enabled":true,"_links":{"self":[{"href":"https:\/\/encuentroinformativo.com.mx\/index.php?rest_route=\/wp\/v2\/posts\/2571","targetHints":{"allow":["GET"]}}],"collection":[{"href":"https:\/\/encuentroinformativo.com.mx\/index.php?rest_route=\/wp\/v2\/posts"}],"about":[{"href":"https:\/\/encuentroinformativo.com.mx\/index.php?rest_route=\/wp\/v2\/types\/post"}],"author":[{"embeddable":true,"href":"https:\/\/encuentroinformativo.com.mx\/index.php?rest_route=\/wp\/v2\/users\/1"}],"replies":[{"embeddable":true,"href":"https:\/\/encuentroinformativo.com.mx\/index.php?rest_route=%2Fwp%2Fv2%2Fcomments&post=2571"}],"version-history":[{"count":1,"href":"https:\/\/encuentroinformativo.com.mx\/index.php?rest_route=\/wp\/v2\/posts\/2571\/revisions"}],"predecessor-version":[{"id":2573,"href":"https:\/\/encuentroinformativo.com.mx\/index.php?rest_route=\/wp\/v2\/posts\/2571\/revisions\/2573"}],"wp:featuredmedia":[{"embeddable":true,"href":"https:\/\/encuentroinformativo.com.mx\/index.php?rest_route=\/wp\/v2\/media\/2572"}],"wp:attachment":[{"href":"https:\/\/encuentroinformativo.com.mx\/index.php?rest_route=%2Fwp%2Fv2%2Fmedia&parent=2571"}],"wp:term":[{"taxonomy":"category","embeddable":true,"href":"https:\/\/encuentroinformativo.com.mx\/index.php?rest_route=%2Fwp%2Fv2%2Fcategories&post=2571"},{"taxonomy":"post_tag","embeddable":true,"href":"https:\/\/encuentroinformativo.com.mx\/index.php?rest_route=%2Fwp%2Fv2%2Ftags&post=2571"}],"curies":[{"name":"wp","href":"https:\/\/api.w.org\/{rel}","templated":true}]}}