{"id":25715,"date":"2022-04-08T12:28:22","date_gmt":"2022-04-08T17:28:22","guid":{"rendered":"https:\/\/encuentroinformativo.com.mx\/?p=25715"},"modified":"2022-04-08T12:28:26","modified_gmt":"2022-04-08T17:28:26","slug":"inicia-operativo-de-seguridad-por-el-periodo-vacacional-de-semana-santa","status":"publish","type":"post","link":"https:\/\/encuentroinformativo.com.mx\/?p=25715","title":{"rendered":"Inicia Operativo de Seguridad por el periodo vacacional de Semana Santa"},"content":{"rendered":"\n<p><strong>*De acuerdo con dict\u00e1menes, se realiza retiro de algunos \u00e1rboles que representan riesgo para las personas.<\/strong><\/p>\n\n\n\n<p>Xalapa, Ver.- Con cuatro m\u00f3dulos de atenci\u00f3n distribuidos en el territorio municipal y total coordinaci\u00f3n con los distintos \u00f3rdenes de gobierno, Xalapa se suma al banderazo de inicio del Operativo Semana Santa 2022, asegur\u00f3 el presidente municipal Ricardo Ahued Bardahuil.<\/p>\n\n\n\n<p>En evento encabezado por el gobernador Cuitl\u00e1huac Garc\u00eda Jim\u00e9nez, el Alcalde exhort\u00f3 a la ciudadan\u00eda a estar pendiente de las recomendaciones emitidas por la autoridad, entre las que destac\u00f3 realizar una revisi\u00f3n exhaustiva de instalaciones de gas y dejar v\u00e1lvulas cerradas, si deciden salir de sus hogares por varios d\u00edas.<\/p>\n\n\n\n<p>Adem\u00e1s, solicitar a alg\u00fan vecino o familiar estar pendiente de su vivienda, pues a pesar de la importante cobertura territorial que la Polic\u00eda Municipal tiene, una corporaci\u00f3n jam\u00e1s ser\u00e1 suficiente para cuidar cada hogar en lo particular.<\/p>\n\n\n\n<p>Como parte de otras acciones de protecci\u00f3n, el Presidente Municipal dio a conocer que la Direcci\u00f3n de Medio Ambiente ya trabaja en el retiro de algunos \u00e1rboles en diversas calles y avenidas, mismos que cuentan con dict\u00e1menes que indican riesgo para las personas, mientras que otros ejemplares se encuentran en revisi\u00f3n por su edad o posibles enfermedades.<\/p>\n","protected":false},"excerpt":{"rendered":"<p>*De acuerdo con dict\u00e1menes, se realiza retiro de algunos \u00e1rboles que representan riesgo para las personas. Xalapa, Ver.- Con cuatro m\u00f3dulos de atenci\u00f3n distribuidos en el territorio municipal y total coordinaci\u00f3n con los distintos \u00f3rdenes de gobierno, Xalapa se suma al banderazo de inicio del Operativo Semana Santa 2022, asegur\u00f3 el presidente municipal Ricardo Ahued [&hellip;]<\/p>\n","protected":false},"author":1,"featured_media":25716,"comment_status":"open","ping_status":"open","sticky":false,"template":"","format":"standard","meta":{"_jetpack_memberships_contains_paid_content":false,"footnotes":""},"categories":[3],"tags":[],"class_list":["post-25715","post","type-post","status-publish","format-standard","has-post-thumbnail","hentry","category-xalapa"],"jetpack_featured_media_url":"https:\/\/encuentroinformativo.com.mx\/wp-content\/uploads\/2022\/04\/D0523057-BCB7-4163-B10F-EEE6F904E7DE.jpeg","jetpack_sharing_enabled":true,"jetpack_likes_enabled":true,"amp_enabled":true,"_links":{"self":[{"href":"https:\/\/encuentroinformativo.com.mx\/index.php?rest_route=\/wp\/v2\/posts\/25715","targetHints":{"allow":["GET"]}}],"collection":[{"href":"https:\/\/encuentroinformativo.com.mx\/index.php?rest_route=\/wp\/v2\/posts"}],"about":[{"href":"https:\/\/encuentroinformativo.com.mx\/index.php?rest_route=\/wp\/v2\/types\/post"}],"author":[{"embeddable":true,"href":"https:\/\/encuentroinformativo.com.mx\/index.php?rest_route=\/wp\/v2\/users\/1"}],"replies":[{"embeddable":true,"href":"https:\/\/encuentroinformativo.com.mx\/index.php?rest_route=%2Fwp%2Fv2%2Fcomments&post=25715"}],"version-history":[{"count":1,"href":"https:\/\/encuentroinformativo.com.mx\/index.php?rest_route=\/wp\/v2\/posts\/25715\/revisions"}],"predecessor-version":[{"id":25717,"href":"https:\/\/encuentroinformativo.com.mx\/index.php?rest_route=\/wp\/v2\/posts\/25715\/revisions\/25717"}],"wp:featuredmedia":[{"embeddable":true,"href":"https:\/\/encuentroinformativo.com.mx\/index.php?rest_route=\/wp\/v2\/media\/25716"}],"wp:attachment":[{"href":"https:\/\/encuentroinformativo.com.mx\/index.php?rest_route=%2Fwp%2Fv2%2Fmedia&parent=25715"}],"wp:term":[{"taxonomy":"category","embeddable":true,"href":"https:\/\/encuentroinformativo.com.mx\/index.php?rest_route=%2Fwp%2Fv2%2Fcategories&post=25715"},{"taxonomy":"post_tag","embeddable":true,"href":"https:\/\/encuentroinformativo.com.mx\/index.php?rest_route=%2Fwp%2Fv2%2Ftags&post=25715"}],"curies":[{"name":"wp","href":"https:\/\/api.w.org\/{rel}","templated":true}]}}