{"id":25726,"date":"2022-04-08T12:11:51","date_gmt":"2022-04-08T17:11:51","guid":{"rendered":"https:\/\/encuentroinformativo.com.mx\/?p=25726"},"modified":"2022-04-08T15:40:29","modified_gmt":"2022-04-08T20:40:29","slug":"proximo-semestre-reanudaran-clases-presenciales-al-100-rector","status":"publish","type":"post","link":"https:\/\/encuentroinformativo.com.mx\/?p=25726","title":{"rendered":"Pr\u00f3ximo semestre reanudar\u00e1n clases presenciales al 100%: Rector"},"content":{"rendered":"\n<p><strong>Dar\u00edo Pale <\/strong><\/p>\n\n\n\n<p>Xalapa, Ver.- El regreso a clases presenciales en la Universidad Veracruzana al 100 por ciento ser\u00e1 hasta el pr\u00f3ximo semestre, adem\u00e1s de que en la m\u00e1xima casa de estudios no se tira &#8220;l\u00ednea&#8221; para la revocaci\u00f3n del mandato, as\u00ed lo inform\u00f3 el rector de la UV Mart\u00edn Aguilar S\u00e1nchez.<\/p>\n\n\n\n<p>En entrevista dio a conocer que buscan que para el mes de mayo el regreso presencial a clases alcance el 70 o 75 por ciento de la matr\u00edcula, ya que el 20 o 25 por ciento permanecer\u00eda en clases a trav\u00e9s de la virtualidad.<\/p>\n\n\n\n<p>Dio a conocer que ya han creado 275 aulas h\u00edbridas terminadas de las 400 que comprometi\u00f3.<\/p>\n\n\n\n<p>&#8220;El asunto ha sido que el impacto de la pandemia ha sido muy dif\u00edcil, entonces \u00e9stas din\u00e1micas de que comienzas un semestre y viene otra vez el repunte de contagios que hace otra vez regresar y volver otra vez&#8221;, se\u00f1al\u00f3.<\/p>\n\n\n\n<p>&#8220;Entonces hab\u00edamos planteado una estrategia de modalidades y esas, con la mayor\u00eda de la gente ya vacunada, lo que estamos haciendo es regresando a clases, le llamamos un regreso gradual, pero constante, entonces vamos a avanzar y en el siguiente semestre est\u00e9 el 100 por ciento&#8221;, agreg\u00f3.<\/p>\n\n\n\n<p>Inform\u00f3 que el regreso presencial se inici\u00f3 al arrancar el semestre en \u00a0donde volvieron aquellos que necesitan estar en laboratorios, talleres, entre otros.<\/p>\n\n\n\n<p>Aunque ahora ya est\u00e1n avanzando en todas las \u00e1reas, pero por ejemplo los estudiantes de Medicina que se ten\u00edan que presentar en los hospitales, pero estos no daban las posibilidades para su ingreso.<\/p>\n\n\n\n<p>Sin embargo, ya existe una gran certeza para que en el mes de agosto esos estudiantes hagan sus pr\u00e1cticas en los nosocomios.<\/p>\n\n\n\n<p>&#8220;Pero en general ya estamos con el llamado general a las clases presenciales graduales y constantes&#8221;, coment\u00f3.<\/p>\n\n\n\n<p>En otro orden de ideas, el Rector descart\u00f3 que se vaya a tirar &#8220;l\u00ednea&#8221; a la comunidad universitaria, eso es una decisi\u00f3n de cada persona.<\/p>\n\n\n\n<p>\u201cNo, no, la revocaci\u00f3n de mandato es un ejercicio y cada quien decidir\u00e1, nosotros no estamos llamando a nada, es una decisi\u00f3n individual como ciudadano o ciudadana&#8221;.<\/p>\n","protected":false},"excerpt":{"rendered":"<p>Dar\u00edo Pale Xalapa, Ver.- El regreso a clases presenciales en la Universidad Veracruzana al 100 por ciento ser\u00e1 hasta el pr\u00f3ximo semestre, adem\u00e1s de que en la m\u00e1xima casa de estudios no se tira &#8220;l\u00ednea&#8221; para la revocaci\u00f3n del mandato, as\u00ed lo inform\u00f3 el rector de la UV Mart\u00edn Aguilar S\u00e1nchez. En entrevista dio a [&hellip;]<\/p>\n","protected":false},"author":1,"featured_media":25727,"comment_status":"open","ping_status":"open","sticky":false,"template":"","format":"standard","meta":{"_jetpack_memberships_contains_paid_content":false,"footnotes":""},"categories":[3],"tags":[],"class_list":["post-25726","post","type-post","status-publish","format-standard","has-post-thumbnail","hentry","category-xalapa"],"jetpack_featured_media_url":"https:\/\/encuentroinformativo.com.mx\/wp-content\/uploads\/2022\/04\/666E5EF0-2681-4E7E-B5A6-A1CDDB50B6EC.jpeg","jetpack_sharing_enabled":true,"jetpack_likes_enabled":true,"amp_enabled":true,"_links":{"self":[{"href":"https:\/\/encuentroinformativo.com.mx\/index.php?rest_route=\/wp\/v2\/posts\/25726","targetHints":{"allow":["GET"]}}],"collection":[{"href":"https:\/\/encuentroinformativo.com.mx\/index.php?rest_route=\/wp\/v2\/posts"}],"about":[{"href":"https:\/\/encuentroinformativo.com.mx\/index.php?rest_route=\/wp\/v2\/types\/post"}],"author":[{"embeddable":true,"href":"https:\/\/encuentroinformativo.com.mx\/index.php?rest_route=\/wp\/v2\/users\/1"}],"replies":[{"embeddable":true,"href":"https:\/\/encuentroinformativo.com.mx\/index.php?rest_route=%2Fwp%2Fv2%2Fcomments&post=25726"}],"version-history":[{"count":1,"href":"https:\/\/encuentroinformativo.com.mx\/index.php?rest_route=\/wp\/v2\/posts\/25726\/revisions"}],"predecessor-version":[{"id":25728,"href":"https:\/\/encuentroinformativo.com.mx\/index.php?rest_route=\/wp\/v2\/posts\/25726\/revisions\/25728"}],"wp:featuredmedia":[{"embeddable":true,"href":"https:\/\/encuentroinformativo.com.mx\/index.php?rest_route=\/wp\/v2\/media\/25727"}],"wp:attachment":[{"href":"https:\/\/encuentroinformativo.com.mx\/index.php?rest_route=%2Fwp%2Fv2%2Fmedia&parent=25726"}],"wp:term":[{"taxonomy":"category","embeddable":true,"href":"https:\/\/encuentroinformativo.com.mx\/index.php?rest_route=%2Fwp%2Fv2%2Fcategories&post=25726"},{"taxonomy":"post_tag","embeddable":true,"href":"https:\/\/encuentroinformativo.com.mx\/index.php?rest_route=%2Fwp%2Fv2%2Ftags&post=25726"}],"curies":[{"name":"wp","href":"https:\/\/api.w.org\/{rel}","templated":true}]}}