{"id":25729,"date":"2022-04-08T16:52:23","date_gmt":"2022-04-08T21:52:23","guid":{"rendered":"https:\/\/encuentroinformativo.com.mx\/?p=25729"},"modified":"2022-04-08T16:52:26","modified_gmt":"2022-04-08T21:52:26","slug":"reitera-oposicion-voto-contra-la-reforma-electrica","status":"publish","type":"post","link":"https:\/\/encuentroinformativo.com.mx\/?p=25729","title":{"rendered":"Reitera oposici\u00f3n voto contra la Reforma El\u00e9ctrica"},"content":{"rendered":"\n<p><strong>Alejandro \u00c1vila<\/strong><\/p>\n\n\n\n<p>Veracruz, Ver.- La alianza &#8220;Va por M\u00e9xico&#8221; votar\u00e1 el pr\u00f3ximo 12 de abril en contra de la Reforma Energ\u00e9tica qu\u00e9 propone el presidente Andr\u00e9s Manuel L\u00f3pez Obrador confirm\u00f3 el vicecoordinador del Grupo Parlamentario del PAN en la C\u00e1mara de Diputados, Carlos Alberto Valenzuela Gonz\u00e1lez.<\/p>\n\n\n\n<p>En ese sentido, solicit\u00f3 a los ciudadanos poner &#8220;marcaje personal&#8221; sobre los diputados de Acci\u00f3n Nacional, del PRI y del PRD, y as\u00ed evitar alguna suspicacia durante el momento de la votaci\u00f3n.<\/p>\n\n\n\n<p>Valenzuela Gonz\u00e1lez asegur\u00f3 que la alianza Va por M\u00e9xico cuenta con los votos para evitar que se apruebe la Reforma Energ\u00e9tica y para dar la primera derrota al presidente Andr\u00e9s Manuel L\u00f3pez Obrador.<\/p>\n\n\n\n<p>\u201cTenemos los votos suficientes para decirle que \u2018no\u2019 al presidente, tenemos los votos suficientes para darle la primera gran derrota de su sexenio, no la vamos a fallar a los mexicanos, no le vamos a fallar a los veracruzanos, vamos a detener la Reforma Energ\u00e9tica\u201d, subray\u00f3.<\/p>\n\n\n\n<p>El legislador federal refiri\u00f3 que sus hom\u00f3logos de Acci\u00f3n Nacional se presentar\u00e1n en la Ciudad de M\u00e9xico desde el lunes pr\u00f3ximo para descartar contratiempos en la llegada a San L\u00e1zaro el d\u00eda de la sesi\u00f3n donde se discutir\u00e1 el dictamen de la Reforma Energ\u00e9tica.<\/p>\n\n\n\n<p>El diputado panista reafirm\u00f3 a los veracruzanos que pongan marcaje personal a sus representantes populares para que chequen que asisten a la sesi\u00f3n que se celebrar\u00e1 el martes pr\u00f3ximo y el sentido de su voto.<\/p>\n\n\n\n<p>\u201cPedirle a la ciudadan\u00eda que nos pongan marca personal a los diputados del PAN, pero tambi\u00e9n a los del PRI, PRD, Movimiento Ciudadano, no se vale que ninguno se enferme, no se vale que uno salga al ba\u00f1o a la hora de votaci\u00f3n, no se vale fallarle al pueblo de M\u00e9xico en el momento que tenemos una cita con la historia\u201d, insisti\u00f3.<\/p>\n\n\n\n<p>Finalmente, Carlos Alberto Valenzuela Gonz\u00e1lez record\u00f3 que la alianza Va por M\u00e9xico se conform\u00f3 hace un a\u00f1o para representar un contrapeso al Movimiento de Regeneraci\u00f3n Nacional y para evitar la destrucci\u00f3n del pa\u00edsR<\/p>\n","protected":false},"excerpt":{"rendered":"<p>Alejandro \u00c1vila Veracruz, Ver.- La alianza &#8220;Va por M\u00e9xico&#8221; votar\u00e1 el pr\u00f3ximo 12 de abril en contra de la Reforma Energ\u00e9tica qu\u00e9 propone el presidente Andr\u00e9s Manuel L\u00f3pez Obrador confirm\u00f3 el vicecoordinador del Grupo Parlamentario del PAN en la C\u00e1mara de Diputados, Carlos Alberto Valenzuela Gonz\u00e1lez. En ese sentido, solicit\u00f3 a los ciudadanos poner &#8220;marcaje [&hellip;]<\/p>\n","protected":false},"author":1,"featured_media":25730,"comment_status":"open","ping_status":"open","sticky":false,"template":"","format":"standard","meta":{"_jetpack_memberships_contains_paid_content":false,"footnotes":""},"categories":[12],"tags":[],"class_list":["post-25729","post","type-post","status-publish","format-standard","has-post-thumbnail","hentry","category-nacional"],"jetpack_featured_media_url":"https:\/\/encuentroinformativo.com.mx\/wp-content\/uploads\/2022\/04\/47930141-E32F-4A03-A7D3-2C15CD6A963B.jpeg","jetpack_sharing_enabled":true,"jetpack_likes_enabled":true,"amp_enabled":true,"_links":{"self":[{"href":"https:\/\/encuentroinformativo.com.mx\/index.php?rest_route=\/wp\/v2\/posts\/25729","targetHints":{"allow":["GET"]}}],"collection":[{"href":"https:\/\/encuentroinformativo.com.mx\/index.php?rest_route=\/wp\/v2\/posts"}],"about":[{"href":"https:\/\/encuentroinformativo.com.mx\/index.php?rest_route=\/wp\/v2\/types\/post"}],"author":[{"embeddable":true,"href":"https:\/\/encuentroinformativo.com.mx\/index.php?rest_route=\/wp\/v2\/users\/1"}],"replies":[{"embeddable":true,"href":"https:\/\/encuentroinformativo.com.mx\/index.php?rest_route=%2Fwp%2Fv2%2Fcomments&post=25729"}],"version-history":[{"count":1,"href":"https:\/\/encuentroinformativo.com.mx\/index.php?rest_route=\/wp\/v2\/posts\/25729\/revisions"}],"predecessor-version":[{"id":25731,"href":"https:\/\/encuentroinformativo.com.mx\/index.php?rest_route=\/wp\/v2\/posts\/25729\/revisions\/25731"}],"wp:featuredmedia":[{"embeddable":true,"href":"https:\/\/encuentroinformativo.com.mx\/index.php?rest_route=\/wp\/v2\/media\/25730"}],"wp:attachment":[{"href":"https:\/\/encuentroinformativo.com.mx\/index.php?rest_route=%2Fwp%2Fv2%2Fmedia&parent=25729"}],"wp:term":[{"taxonomy":"category","embeddable":true,"href":"https:\/\/encuentroinformativo.com.mx\/index.php?rest_route=%2Fwp%2Fv2%2Fcategories&post=25729"},{"taxonomy":"post_tag","embeddable":true,"href":"https:\/\/encuentroinformativo.com.mx\/index.php?rest_route=%2Fwp%2Fv2%2Ftags&post=25729"}],"curies":[{"name":"wp","href":"https:\/\/api.w.org\/{rel}","templated":true}]}}