{"id":25737,"date":"2022-04-09T12:08:44","date_gmt":"2022-04-09T17:08:44","guid":{"rendered":"https:\/\/encuentroinformativo.com.mx\/?p=25737"},"modified":"2022-04-09T12:08:48","modified_gmt":"2022-04-09T17:08:48","slug":"esperan-derrama-economica-de-300-mdp-en-boca-del-rio-alcalde","status":"publish","type":"post","link":"https:\/\/encuentroinformativo.com.mx\/?p=25737","title":{"rendered":"Esperan derrama econ\u00f3mica de 300 mdp en Boca del R\u00edo: Alcalde"},"content":{"rendered":"\n<p><strong>Alejandro \u00c1vila<\/strong><\/p>\n\n\n\n<p>Boca del R\u00edo, Ver.- Un estimado de 300 millones de pesos es la derrama econ\u00f3mica que se estima obtendr\u00e1 el municipio de Boca del R\u00edo durante la Semana Santa 2022, asegur\u00f3 el alcalde Juan Manuel Unanue Abascal.<\/p>\n\n\n\n<p>Durante la presentaci\u00f3n del Operativo de Semana Santa 2022 en el bulevar &#8220;Manuel \u00c1vila Camacho&#8221;, y con presencia de los presidentes del hoteleros y restauranteros, el edil panista se\u00f1al\u00f3 que esperan lleno total en playas, centros comerciales y todos los establecimientos que prestan servicios tur\u00edsticos.<\/p>\n\n\n\n<p>Se detall\u00f3 que el municipio de Boca del R\u00edo contar\u00e1 con 30 guardavidas en las diversas playas del municipio.<\/p>\n\n\n\n<p>Juan Manuel Unanue Abascal record\u00f3 que el municipio de Boca del R\u00edo no cuenta con ambulancias; sin embargo, tendr\u00e1 el apoyo de Bomberos Conurbados y un hospital privado.<\/p>\n\n\n\n<p>&#8220;Carecemos de ambulancias como ustedes lo saben, en el Ayuntamiento de Boca del R\u00edo, y hoy nos apoya el patronato de los Bomberos, el hospital Covadonga con 4 ambulancias, S.A.M.U.V. Entonces vamos a contar con ambulancia suficientes, ojal\u00e1 y no se ocupen, pero bueno, para cualquier situaci\u00f3n qu\u00e9 se necesiten contamos con ambulancias suficientes, y ya listo&#8221;, remat\u00f3.<\/p>\n","protected":false},"excerpt":{"rendered":"<p>Alejandro \u00c1vila Boca del R\u00edo, Ver.- Un estimado de 300 millones de pesos es la derrama econ\u00f3mica que se estima obtendr\u00e1 el municipio de Boca del R\u00edo durante la Semana Santa 2022, asegur\u00f3 el alcalde Juan Manuel Unanue Abascal. Durante la presentaci\u00f3n del Operativo de Semana Santa 2022 en el bulevar &#8220;Manuel \u00c1vila Camacho&#8221;, y [&hellip;]<\/p>\n","protected":false},"author":1,"featured_media":25738,"comment_status":"open","ping_status":"open","sticky":false,"template":"","format":"standard","meta":{"_jetpack_memberships_contains_paid_content":false,"footnotes":""},"categories":[2],"tags":[],"class_list":["post-25737","post","type-post","status-publish","format-standard","has-post-thumbnail","hentry","category-estado"],"jetpack_featured_media_url":"https:\/\/encuentroinformativo.com.mx\/wp-content\/uploads\/2022\/04\/3C83661C-D401-45CF-87CF-7BB5E030E38E.jpeg","jetpack_sharing_enabled":true,"jetpack_likes_enabled":true,"amp_enabled":true,"_links":{"self":[{"href":"https:\/\/encuentroinformativo.com.mx\/index.php?rest_route=\/wp\/v2\/posts\/25737","targetHints":{"allow":["GET"]}}],"collection":[{"href":"https:\/\/encuentroinformativo.com.mx\/index.php?rest_route=\/wp\/v2\/posts"}],"about":[{"href":"https:\/\/encuentroinformativo.com.mx\/index.php?rest_route=\/wp\/v2\/types\/post"}],"author":[{"embeddable":true,"href":"https:\/\/encuentroinformativo.com.mx\/index.php?rest_route=\/wp\/v2\/users\/1"}],"replies":[{"embeddable":true,"href":"https:\/\/encuentroinformativo.com.mx\/index.php?rest_route=%2Fwp%2Fv2%2Fcomments&post=25737"}],"version-history":[{"count":1,"href":"https:\/\/encuentroinformativo.com.mx\/index.php?rest_route=\/wp\/v2\/posts\/25737\/revisions"}],"predecessor-version":[{"id":25739,"href":"https:\/\/encuentroinformativo.com.mx\/index.php?rest_route=\/wp\/v2\/posts\/25737\/revisions\/25739"}],"wp:featuredmedia":[{"embeddable":true,"href":"https:\/\/encuentroinformativo.com.mx\/index.php?rest_route=\/wp\/v2\/media\/25738"}],"wp:attachment":[{"href":"https:\/\/encuentroinformativo.com.mx\/index.php?rest_route=%2Fwp%2Fv2%2Fmedia&parent=25737"}],"wp:term":[{"taxonomy":"category","embeddable":true,"href":"https:\/\/encuentroinformativo.com.mx\/index.php?rest_route=%2Fwp%2Fv2%2Fcategories&post=25737"},{"taxonomy":"post_tag","embeddable":true,"href":"https:\/\/encuentroinformativo.com.mx\/index.php?rest_route=%2Fwp%2Fv2%2Ftags&post=25737"}],"curies":[{"name":"wp","href":"https:\/\/api.w.org\/{rel}","templated":true}]}}