{"id":25742,"date":"2022-04-09T14:11:04","date_gmt":"2022-04-09T19:11:04","guid":{"rendered":"https:\/\/encuentroinformativo.com.mx\/?p=25742"},"modified":"2022-04-09T14:11:07","modified_gmt":"2022-04-09T19:11:07","slug":"conflicto-familiar-niega-padre-sustraccion-ilegal-de-su-menor-hijo","status":"publish","type":"post","link":"https:\/\/encuentroinformativo.com.mx\/?p=25742","title":{"rendered":"Conflicto familiar; niega padre sustracci\u00f3n ilegal de su menor hijo"},"content":{"rendered":"\n<p><strong>Dar\u00edo Pale<\/strong><\/p>\n\n\n\n<p>Xalapa, Ver.- El se\u00f1or Michel Alejandro Gonz\u00e1lez Fern\u00e1ndez pap\u00e1 del menor de identidad reservada, dio a conocer que su hijo no fue secuestrado como lo se\u00f1ala su ex pareja Gloria Mart\u00ednez, si no rescatado del maltrato que sufr\u00eda, por lo que solicit\u00f3 el apoyo del gobernador Cuitl\u00e1huac Garc\u00eda Jim\u00e9nez.<\/p>\n\n\n\n<p>En conferencia de prensa, se\u00f1al\u00f3 que el pasado 30 de marzo aproximadamente a las 10:30 de la noche, recibi\u00f3 una llamada de su menor hijo, quien en medio de un llanto y dolor le confes\u00f3 que hab\u00eda sido agredido f\u00edsicamente en el rostro por parte de la pareja sentimental de su mam\u00e1.<\/p>\n\n\n\n<p>Por lo anterior se traslad\u00f3 desde la ciudad de Canc\u00fan donde se encuentra trabajando hasta el municipio de Coatepec donde viv\u00eda su hijo, con la finalidad de ayudarlo y hacer lo que corresponda ya que a su mam\u00e1 tiene la guarda y custodia del menor pero \u00e9l ha estado cumpliendo con el pago de la pensi\u00f3n de manera puntual.<\/p>\n\n\n\n<p>Dio a conocer que le solicit\u00f3 a su mam\u00e1 que le prestar\u00e1 a su hijo la cual en un inicio se neg\u00f3 a hacerlo ya que seg\u00fan no le correspond\u00eda ese d\u00eda visitarlo, pero tras insistirle y que hab\u00eda viajado una gran distancia logr\u00f3 convencerla.<\/p>\n\n\n\n<p>Al contar con su autorizaci\u00f3n y al estar a solas con su hijo le coment\u00f3 que tipo de vejaciones y \u00a0malos tratos le ocasionaban tanto su madre como su pareja sentimental y por la naturaleza de las agresiones consider\u00f3 urgente dar parte a las autoridades.<\/p>\n\n\n\n<p>Con paso del tiempo la se\u00f1ora Gloria Mart\u00ednez le solicit\u00f3 que le regresar\u00e1 al menor y le empezaron a llegar mensaje y llamadas para que regresara a su hijo, posteriormente \u00e9l y su hijo fueron objeto de una insensante b\u00fasqueda y persecuci\u00f3n por parte de la mam\u00e1 en el municipio de Coatepec, por lo que se traslad\u00f3 a Xalapa y se present\u00f3 a la Fiscal\u00eda Especializada en Delitos en contra de los ni\u00f1os, las ni\u00f1as, la familia y la mujer.<\/p>\n\n\n\n<p>Al llegar a la fiscal\u00eda le comentaron que no pod\u00edan recibir la denuncia ya que los hechos se hab\u00edan registrado en el municipio de Coatepec, pero al insistir debido a la gravedad de los hechos que le narr\u00f3 su hijo era vital y urgente que le recibiera la denuncia, logrando ser atendido y le tomaron la denuncia.<\/p>\n\n\n\n<p>Reiter\u00f3 que su hijo no fue sustra\u00eddo como lo se\u00f1ala la se\u00f1ora Gloria Mart\u00ednez, si no que fue rescatado y puesto a salvo de sus agresores.<\/p>\n\n\n\n<p>Despu\u00e9s de la llamada de auxilio de su menor hijo quien le coment\u00f3 de los golpes y malos tratos por parte de su mam\u00e1 y de la pareja sentimental de su mam\u00e1.<\/p>\n\n\n\n<p>Descart\u00f3 que haya tenido alg\u00fan tipo de acercamiento con la titular de la fiscal\u00eda de Coatepec ya que no la conoce ni tampoco ha recibido favores como de manera inoportuna e incorrecta ha a infestado la se\u00f1ora Gloria Mart\u00ednez.<\/p>\n\n\n\n<p>Finalmente solicit\u00f3 el apoyo del gobernador del estado Cuitl\u00e1huac Garc\u00eda Jim\u00e9nez para hacerle justicia a su menor hijo ya que tiene derecho a una vida libre de violencia y a no ser violentado ni golpeado, ya que como lo ha dicho en Veracruz y en su gobierno los ni\u00f1os no se tocan.\u00a0<\/p>\n","protected":false},"excerpt":{"rendered":"<p>Dar\u00edo Pale Xalapa, Ver.- El se\u00f1or Michel Alejandro Gonz\u00e1lez Fern\u00e1ndez pap\u00e1 del menor de identidad reservada, dio a conocer que su hijo no fue secuestrado como lo se\u00f1ala su ex pareja Gloria Mart\u00ednez, si no rescatado del maltrato que sufr\u00eda, por lo que solicit\u00f3 el apoyo del gobernador Cuitl\u00e1huac Garc\u00eda Jim\u00e9nez. En conferencia de prensa, [&hellip;]<\/p>\n","protected":false},"author":1,"featured_media":25743,"comment_status":"open","ping_status":"open","sticky":false,"template":"","format":"standard","meta":{"_jetpack_memberships_contains_paid_content":false,"footnotes":""},"categories":[3],"tags":[],"class_list":["post-25742","post","type-post","status-publish","format-standard","has-post-thumbnail","hentry","category-xalapa"],"jetpack_featured_media_url":"https:\/\/encuentroinformativo.com.mx\/wp-content\/uploads\/2022\/04\/44B7B8A7-1C1D-4E14-8688-1873783C9B5E.jpeg","jetpack_sharing_enabled":true,"jetpack_likes_enabled":true,"amp_enabled":true,"_links":{"self":[{"href":"https:\/\/encuentroinformativo.com.mx\/index.php?rest_route=\/wp\/v2\/posts\/25742","targetHints":{"allow":["GET"]}}],"collection":[{"href":"https:\/\/encuentroinformativo.com.mx\/index.php?rest_route=\/wp\/v2\/posts"}],"about":[{"href":"https:\/\/encuentroinformativo.com.mx\/index.php?rest_route=\/wp\/v2\/types\/post"}],"author":[{"embeddable":true,"href":"https:\/\/encuentroinformativo.com.mx\/index.php?rest_route=\/wp\/v2\/users\/1"}],"replies":[{"embeddable":true,"href":"https:\/\/encuentroinformativo.com.mx\/index.php?rest_route=%2Fwp%2Fv2%2Fcomments&post=25742"}],"version-history":[{"count":1,"href":"https:\/\/encuentroinformativo.com.mx\/index.php?rest_route=\/wp\/v2\/posts\/25742\/revisions"}],"predecessor-version":[{"id":25744,"href":"https:\/\/encuentroinformativo.com.mx\/index.php?rest_route=\/wp\/v2\/posts\/25742\/revisions\/25744"}],"wp:featuredmedia":[{"embeddable":true,"href":"https:\/\/encuentroinformativo.com.mx\/index.php?rest_route=\/wp\/v2\/media\/25743"}],"wp:attachment":[{"href":"https:\/\/encuentroinformativo.com.mx\/index.php?rest_route=%2Fwp%2Fv2%2Fmedia&parent=25742"}],"wp:term":[{"taxonomy":"category","embeddable":true,"href":"https:\/\/encuentroinformativo.com.mx\/index.php?rest_route=%2Fwp%2Fv2%2Fcategories&post=25742"},{"taxonomy":"post_tag","embeddable":true,"href":"https:\/\/encuentroinformativo.com.mx\/index.php?rest_route=%2Fwp%2Fv2%2Ftags&post=25742"}],"curies":[{"name":"wp","href":"https:\/\/api.w.org\/{rel}","templated":true}]}}